{"id":48400,"date":"2022-08-01T07:22:36","date_gmt":"2022-08-01T05:22:36","guid":{"rendered":"https:\/\/www-ilmercoledi-news-*.sitenm.com\/?p=48400"},"modified":"2024-08-29T07:00:30","modified_gmt":"2023-11-03T07:00:30","slug":"vinovo-ricordo-per-due-anni-dellomicidio-di-emanuela-urso","status":"publish","type":"post","link":"https:\/\/www.ilmercoledi.news\/2022\/08\/01\/vinovo-ricordo-per-due-anni-dellomicidio-di-emanuela-urso\/","title":{"rendered":"VINOVO &#8211; Ricordo per i due anni dell&#8217;omicidio di Emanuela Urso"},"content":{"rendered":"<p>Il fine settimana appena passato \u00e8 stato quello del ricordo di Emanuela Urso, la donna di 44 anni uccisa due anni fa dall&#8217;ex compagno Gianfranco Trafficante, a Tetti Rosa, borgata di Vinovo. Sui social in tanti hanno voluto pubblicare una foto di Emanuela, che lavorava al Mercat\u00f2 di La Loggia e dove da tempo \u00e8 stata inaugurata una panchina rossa in sua memoria. Il Comune di La Loggia ha voluto ricordare come &#8220;Il Dipartimento per le Pari Opportunit\u00e0 insieme alla Presidenza del Consiglio dei Ministri offre nel numero 1522 un servizio pubblico gratuito ed attivo 24 h su 24 che accoglie con operatrici specializzate le richieste di aiuto e sostegno delle vittime di violenza e stalking. Per avere aiuto o anche solo un consiglio chiama il 1522 (il numero \u00e8 gratuito anche dai cellulari) affinch\u00e8 tragedie simili non si ripetano mai pi\u00f9&#8221;. Mentre l&#8217;amministrazione vinovese ha pubblicato sulla pagina Facebook una foto di Emanuela, con il messaggio &#8220;Mai rimanere indifferenti&#8221;<\/p>\n","protected":false},"excerpt":{"rendered":"","protected":false},"author":11,"featured_media":36223,"comment_status":"open","ping_status":"closed","sticky":false,"template":"","format":"standard","meta":[],"categories":[34],"tags":[],"news-destination":[],"news-source":[],"is_homepage":[581],"ta_other":[],"_links":{"self":[{"href":"https:\/\/www.ilmercoledi.news\/ilmercoledi\/news\/wp-json\/wp\/v2\/posts\/48400"}],"collection":[{"href":"https:\/\/www.ilmercoledi.news\/ilmercoledi\/news\/wp-json\/wp\/v2\/posts"}],"about":[{"href":"https:\/\/www.ilmercoledi.news\/ilmercoledi\/news\/wp-json\/wp\/v2\/types\/post"}],"author":[{"embeddable":true,"href":"https:\/\/www.ilmercoledi.news\/ilmercoledi\/news\/wp-json\/wp\/v2\/users\/11"}],"replies":[{"embeddable":true,"href":"https:\/\/www.ilmercoledi.news\/ilmercoledi\/news\/wp-json\/wp\/v2\/comments?post=48400"}],"version-history":[{"count":1,"href":"https:\/\/www.ilmercoledi.news\/ilmercoledi\/news\/wp-json\/wp\/v2\/posts\/48400\/revisions"}],"predecessor-version":[{"id":48404,"href":"https:\/\/www.ilmercoledi.news\/ilmercoledi\/news\/wp-json\/wp\/v2\/posts\/48400\/revisions\/48404"}],"wp:featuredmedia":[{"embeddable":true,"href":"https:\/\/www.ilmercoledi.news\/ilmercoledi\/news\/wp-json\/wp\/v2\/media\/36223"}],"wp:attachment":[{"href":"https:\/\/www.ilmercoledi.news\/ilmercoledi\/news\/wp-json\/wp\/v2\/media?parent=48400"}],"wp:term":[{"taxonomy":"category","embeddable":true,"href":"https:\/\/www.ilmercoledi.news\/ilmercoledi\/news\/wp-json\/wp\/v2\/categories?post=48400"},{"taxonomy":"post_tag","embeddable":true,"href":"https:\/\/www.ilmercoledi.news\/ilmercoledi\/news\/wp-json\/wp\/v2\/tags?post=48400"},{"taxonomy":"news-destination","embeddable":true,"href":"https:\/\/www.ilmercoledi.news\/ilmercoledi\/news\/wp-json\/wp\/v2\/news-destination?post=48400"},{"taxonomy":"news-source","embeddable":true,"href":"https:\/\/www.ilmercoledi.news\/ilmercoledi\/news\/wp-json\/wp\/v2\/news-source?post=48400"},{"taxonomy":"is_homepage","embeddable":true,"href":"https:\/\/www.ilmercoledi.news\/ilmercoledi\/news\/wp-json\/wp\/v2\/is_homepage?post=48400"},{"taxonomy":"ta_other","embeddable":true,"href":"https:\/\/www.ilmercoledi.news\/ilmercoledi\/news\/wp-json\/wp\/v2\/ta_other?post=48400"}],"curies":[{"name":"wp","href":"https:\/\/api.w.org\/{rel}","templated":true}]}}