{"id":48461,"date":"2022-08-03T07:08:17","date_gmt":"2022-08-03T05:08:17","guid":{"rendered":"https:\/\/www-ilmercoledi-news-*.sitenm.com\/?p=48461"},"modified":"2024-08-29T07:00:29","modified_gmt":"2023-11-03T07:00:29","slug":"covid-dati-di-incidenza-contagi-piemonte-per-fasce-deta","status":"publish","type":"post","link":"https:\/\/www.ilmercoledi.news\/2022\/08\/03\/covid-dati-di-incidenza-contagi-piemonte-per-fasce-deta\/","title":{"rendered":"COVID &#8211; I dati di incidenza contagi in Piemonte per fasce d&#8217;et\u00e0"},"content":{"rendered":"<p><strong>Incidenza del contagio negli adulti<\/strong><\/p>\n<p>Nella settimana dal 25 al 31 luglio l\u2019incidenza regionale (ovvero l\u2019incremento settimanale di nuovi casi di Covid per 100.000 abitanti) \u00e8 stata\u00a0<strong>468.6<\/strong>, in netto calo (-<strong>30,2<\/strong>%) rispetto ai 671,2 della settimana precedente. Si tratta della seconda diminuzione dopo sei settimane consecutive in cui la curva era stata Nal rialzo.<\/p>\n<p>Nella fascia di et\u00e0 19-24 anni l\u2019incidenza \u00e8 381.2 (-34,7%). Nella fascia 25-44 anni \u00e8 504.8 (-35,6%). Tra i 45 ed i 59 anni si attesta a 541.5 (-27,3%). Nella fascia 60-69 anni \u00e8 539 (-27,3%). Tra i 70-79 anni \u00e8 543.5 (-24,1%).Nella fascia over80 l\u2019incidenza risulta 379.6 (-27,3%).<\/p>\n<p><strong>Incidenza del contagio nelle fasce di et\u00e0 scolastiche<\/strong><\/p>\n<p>In et\u00e0 scolastica, nel periodo dal 25 al 31 luglio, l\u2019incidenza rispetto alla settimana precedente \u00e8 in forte calo in tutte le fasce di et\u00e0.<\/p>\n<p>Nella fascia 0-2 anni l\u2019incidenza \u00e8 di 338.1 (-35,2%). La fascia di et\u00e0 3-5 anni registra un\u2019incidenza di 219.3 (-24,5%). Nella fascia tra i 6 ed 10 anni l\u2019incidenza \u00e8 238.4 (-35%). Nella fascia 11-13 anni l\u2019incidenza \u00e8 308.9 (-38,5%). Nella fascia tra i 14 ed i 18 anni l\u2019incidenza \u00e8 285,5 (-31,5%).<\/p>\n","protected":false},"excerpt":{"rendered":"","protected":false},"author":11,"featured_media":29902,"comment_status":"open","ping_status":"closed","sticky":false,"template":"","format":"standard","meta":[],"categories":[34],"tags":[],"news-destination":[],"news-source":[],"is_homepage":[581],"ta_other":[],"_links":{"self":[{"href":"https:\/\/www.ilmercoledi.news\/ilmercoledi\/news\/wp-json\/wp\/v2\/posts\/48461"}],"collection":[{"href":"https:\/\/www.ilmercoledi.news\/ilmercoledi\/news\/wp-json\/wp\/v2\/posts"}],"about":[{"href":"https:\/\/www.ilmercoledi.news\/ilmercoledi\/news\/wp-json\/wp\/v2\/types\/post"}],"author":[{"embeddable":true,"href":"https:\/\/www.ilmercoledi.news\/ilmercoledi\/news\/wp-json\/wp\/v2\/users\/11"}],"replies":[{"embeddable":true,"href":"https:\/\/www.ilmercoledi.news\/ilmercoledi\/news\/wp-json\/wp\/v2\/comments?post=48461"}],"version-history":[{"count":1,"href":"https:\/\/www.ilmercoledi.news\/ilmercoledi\/news\/wp-json\/wp\/v2\/posts\/48461\/revisions"}],"predecessor-version":[{"id":48462,"href":"https:\/\/www.ilmercoledi.news\/ilmercoledi\/news\/wp-json\/wp\/v2\/posts\/48461\/revisions\/48462"}],"wp:featuredmedia":[{"embeddable":true,"href":"https:\/\/www.ilmercoledi.news\/ilmercoledi\/news\/wp-json\/wp\/v2\/media\/29902"}],"wp:attachment":[{"href":"https:\/\/www.ilmercoledi.news\/ilmercoledi\/news\/wp-json\/wp\/v2\/media?parent=48461"}],"wp:term":[{"taxonomy":"category","embeddable":true,"href":"https:\/\/www.ilmercoledi.news\/ilmercoledi\/news\/wp-json\/wp\/v2\/categories?post=48461"},{"taxonomy":"post_tag","embeddable":true,"href":"https:\/\/www.ilmercoledi.news\/ilmercoledi\/news\/wp-json\/wp\/v2\/tags?post=48461"},{"taxonomy":"news-destination","embeddable":true,"href":"https:\/\/www.ilmercoledi.news\/ilmercoledi\/news\/wp-json\/wp\/v2\/news-destination?post=48461"},{"taxonomy":"news-source","embeddable":true,"href":"https:\/\/www.ilmercoledi.news\/ilmercoledi\/news\/wp-json\/wp\/v2\/news-source?post=48461"},{"taxonomy":"is_homepage","embeddable":true,"href":"https:\/\/www.ilmercoledi.news\/ilmercoledi\/news\/wp-json\/wp\/v2\/is_homepage?post=48461"},{"taxonomy":"ta_other","embeddable":true,"href":"https:\/\/www.ilmercoledi.news\/ilmercoledi\/news\/wp-json\/wp\/v2\/ta_other?post=48461"}],"curies":[{"name":"wp","href":"https:\/\/api.w.org\/{rel}","templated":true}]}}