{"id":4864,"date":"2018-04-13T15:46:33","date_gmt":"2018-04-13T13:46:33","guid":{"rendered":"http:\/\/euwps02.tecnavia.com\/ilmercoledi\/news\/?p=4864"},"modified":"2018-04-13T15:46:34","modified_gmt":"2018-04-13T13:46:34","slug":"rally-alla-sport-rally-team-carmagnola-ferve-lattivita-valli-cuneesi-23-aprile-iscrizioni-chiuse","status":"publish","type":"post","link":"https:\/\/www.ilmercoledi.news\/2018\/04\/13\/rally-alla-sport-rally-team-carmagnola-ferve-lattivita-valli-cuneesi-23-aprile-iscrizioni-chiuse\/","title":{"rendered":"Rally: Alla Sport Rally Team Carmagnola ferve l&#8217;attivit\u00e0 per il Valli Cuneesi. Il 23 aprile iscrizioni chiuse"},"content":{"rendered":"<p>CARMAGNOLA &#8211; Ultimi giorni per partecipare al 24\u00b0 rally delle Valli Cuneesi, in programma il 26-28 aprile a Dronero e dintorni:<b>\u00a0le iscrizioni chiuderanno luned\u00ec 23 aprile.<\/b><\/p>\n<p>Non pi\u00f9 settembrina, la gara organizzata dallo Sport Rally Team di Carmagnola, guidato da Piero Capello, apre quest\u2019anno la stagione della Coppa Italia Rally 2018 in Prima Zona, il campionato regionale firmato Aci Sport articolato su quattro date (seguiranno\u00a0Alba, Lanterna e Rubinetto). I 4 organizzatori anche quest\u2019anno hanno dato vita a un montepremi congiunto, il Trofeo Pirelli 2018, il cui valore globale supera i 60mila euro.<\/p>\n<p>&nbsp;<\/p>\n<p>Il Valli Cuneesi \u201cMemorial Johnny Cornaglia\u201d, che si svolger\u00e0 in abbinata all\u201911\u00b0 Rally storico del Cuneese, avr\u00e0 luogo sulle consuete strade occitane della Granda, con l&#8217;effettuazione di 3 tratti cronometrati per un totale di 7 prove speciali, ovvero 86 km cronometrati su un percorso totale di 400 circa. I tratti competitivi 2018: Montemale (km 11,5) da ripetere tre volte, Valmala (circa 20 km) e Brondello (7 km), ognuna da effettuare due volte. Invece, a riposo per un anno una \u201cclassica\u201d della gara, la Madonna del Colletto.<\/p>\n<p>&nbsp;<\/p>\n<p>Una delle chicche dell\u2019edizione 2018 sar\u00e0 il coinvolgimento straordinario della citt\u00e0 di Saluzzo, che ne ospiter\u00e0 un allegro preludio, dopo le verifiche e test preliminari del venerd\u00ec 27 aprile. Dal tramonto (partenza ore 18,31) grande novit\u00e0, la passerella non competitiva nella bellissima Saluzzo: una \u201cescursione\u201d che avviciner\u00e0 la carovana del rally ai territori attraversati, vetrina promozionale e grande festa di piazza nel cuore del centro storico, all\u2019ombra del monumento\u00a0a Silvio Pellico (in piazza Liderico Vineis), in uno dei salotti cittadini che, reso pedonale per l\u2019occasione, si aprir\u00e0 alle vetture storiche e moderne, da esposizione in assetto statico, e pure da gara.<\/p>\n<p>Qui infatti confluir\u00e0, a partire dalle 19,30 circa, una selezione di equipaggi partiti un\u2019oretta prima, a un minuto l\u2019uno dall\u2019altro, da Dronero, situata circa 30 km pi\u00f9 a sud. Ad accoglierli, la festa, un rinfresco, musica, un palco appositamente allestito, con la possibilit\u00e0 per il pubblico di avvicinare direttamente i piloti e le macchine. Ognuno dei concorrenti si fermer\u00e0 una mezzora. Poi via di nuovo verso Dronero, per il riordino notturno (ingresso della prima vettura ore 20,51). Nel rientro al quartier generale la carovana toccher\u00e0 Brondello transitando sulla prova speciale che le vetture\u00a0 affronteranno la mattina seguente.<\/p>\n<p>&nbsp;<\/p>\n<p>Il vero e proprio start agonistico sar\u00e0 sabato 28 aprile (partenza alle 7.30 da piazza Martiri, Dronero). Prima delle vetture moderne il pubblico vedr\u00e0 lo scorrere delle veterane in gara nel 11\u00b0 rally storico del Cuneese, una competizione a s\u00e9 dedicata ad automobili da rally costruite entro il 1989. Via con le 7 prove speciali, e arrivo verso le 19 (sempre a Dronero, ma piazza Manuel). Assistenza nella collaudata area di Villar San Costanzo, riordini a Dronero e Rossana. Il Valli Cuneesi 2018 \u00e8 anche valido per i Trofei\u00a0Renault Clio R3C, Clio R3T e Clio N3 Corri con Clio.<\/p>\n<p>Sabato 21 aprile si svolgeranno alcuni preliminari: consegna Road-Book (ore 9-14,<b>\u00a0<\/b>Caff\u00e8 Roma, piazza Martiri, Dronero) e prime ricognizioni autorizzate<b>\u00a0<\/b>(ore 10-16).<\/p>\n<p>Nel 2017 vinse l&#8217;equipaggio cuneese formato da Alessandro Gino e Marco Ravera su Ford Fiesta Wrc (nella foto ActionRace).<\/p>\n","protected":false},"excerpt":{"rendered":"","protected":false},"author":10,"featured_media":4865,"comment_status":"open","ping_status":"closed","sticky":false,"template":"","format":"standard","meta":[],"categories":[10],"tags":[],"news-destination":[],"news-source":[],"is_homepage":[],"ta_other":[],"_links":{"self":[{"href":"https:\/\/www.ilmercoledi.news\/ilmercoledi\/news\/wp-json\/wp\/v2\/posts\/4864"}],"collection":[{"href":"https:\/\/www.ilmercoledi.news\/ilmercoledi\/news\/wp-json\/wp\/v2\/posts"}],"about":[{"href":"https:\/\/www.ilmercoledi.news\/ilmercoledi\/news\/wp-json\/wp\/v2\/types\/post"}],"author":[{"embeddable":true,"href":"https:\/\/www.ilmercoledi.news\/ilmercoledi\/news\/wp-json\/wp\/v2\/users\/10"}],"replies":[{"embeddable":true,"href":"https:\/\/www.ilmercoledi.news\/ilmercoledi\/news\/wp-json\/wp\/v2\/comments?post=4864"}],"version-history":[{"count":2,"href":"https:\/\/www.ilmercoledi.news\/ilmercoledi\/news\/wp-json\/wp\/v2\/posts\/4864\/revisions"}],"predecessor-version":[{"id":4867,"href":"https:\/\/www.ilmercoledi.news\/ilmercoledi\/news\/wp-json\/wp\/v2\/posts\/4864\/revisions\/4867"}],"wp:featuredmedia":[{"embeddable":true,"href":"https:\/\/www.ilmercoledi.news\/ilmercoledi\/news\/wp-json\/wp\/v2\/media\/4865"}],"wp:attachment":[{"href":"https:\/\/www.ilmercoledi.news\/ilmercoledi\/news\/wp-json\/wp\/v2\/media?parent=4864"}],"wp:term":[{"taxonomy":"category","embeddable":true,"href":"https:\/\/www.ilmercoledi.news\/ilmercoledi\/news\/wp-json\/wp\/v2\/categories?post=4864"},{"taxonomy":"post_tag","embeddable":true,"href":"https:\/\/www.ilmercoledi.news\/ilmercoledi\/news\/wp-json\/wp\/v2\/tags?post=4864"},{"taxonomy":"news-destination","embeddable":true,"href":"https:\/\/www.ilmercoledi.news\/ilmercoledi\/news\/wp-json\/wp\/v2\/news-destination?post=4864"},{"taxonomy":"news-source","embeddable":true,"href":"https:\/\/www.ilmercoledi.news\/ilmercoledi\/news\/wp-json\/wp\/v2\/news-source?post=4864"},{"taxonomy":"is_homepage","embeddable":true,"href":"https:\/\/www.ilmercoledi.news\/ilmercoledi\/news\/wp-json\/wp\/v2\/is_homepage?post=4864"},{"taxonomy":"ta_other","embeddable":true,"href":"https:\/\/www.ilmercoledi.news\/ilmercoledi\/news\/wp-json\/wp\/v2\/ta_other?post=4864"}],"curies":[{"name":"wp","href":"https:\/\/api.w.org\/{rel}","templated":true}]}}