{"id":48707,"date":"2022-08-18T07:42:32","date_gmt":"2022-08-18T05:42:32","guid":{"rendered":"https:\/\/euwps06.newsmemory.com\/ilmercoledi\/news\/?p=48707"},"modified":"2024-08-29T07:00:17","modified_gmt":"2023-11-03T07:00:17","slug":"carmagnola-alla-fiera-anche-il-salone-della-robotica","status":"publish","type":"post","link":"https:\/\/www.ilmercoledi.news\/2022\/08\/18\/carmagnola-alla-fiera-anche-il-salone-della-robotica\/","title":{"rendered":"CARMAGNOLA &#8211; Alla Fiera anche il salone della robotica"},"content":{"rendered":"<p>Sulla scia della sostenibilit\u00e0, tema caro alla manifestazione della Fiera del peperone di Carmagnola, una grande novit\u00e0 \u00e8 rappresentato dal salone della robotica. Un viaggio attraverso la cibernetica, con lo studio e l\u2019impiego dei robot, i visitatori troveranno uno spazio ad hoc per immergersi in questo mondo, all\u2019insegna della tecnologia, tra montaggi e assemblaggi, per raggiungere importanti traguardi internazionali. L\u2019azienda ECS, leader nell\u2019ambito, nata 34 anni fa, oggi con una presenza a livello mondiale, avr\u00e0 uno stand in cui dimostrare talento e innovazione insieme per un sistema automatico di trasporto veloce di pallet e di merci.<\/p>\n<p>&nbsp;<\/p>\n","protected":false},"excerpt":{"rendered":"","protected":false},"author":11,"featured_media":48705,"comment_status":"open","ping_status":"closed","sticky":false,"template":"","format":"standard","meta":[],"categories":[34],"tags":[],"news-destination":[],"news-source":[],"is_homepage":[581],"ta_other":[],"_links":{"self":[{"href":"https:\/\/www.ilmercoledi.news\/ilmercoledi\/news\/wp-json\/wp\/v2\/posts\/48707"}],"collection":[{"href":"https:\/\/www.ilmercoledi.news\/ilmercoledi\/news\/wp-json\/wp\/v2\/posts"}],"about":[{"href":"https:\/\/www.ilmercoledi.news\/ilmercoledi\/news\/wp-json\/wp\/v2\/types\/post"}],"author":[{"embeddable":true,"href":"https:\/\/www.ilmercoledi.news\/ilmercoledi\/news\/wp-json\/wp\/v2\/users\/11"}],"replies":[{"embeddable":true,"href":"https:\/\/www.ilmercoledi.news\/ilmercoledi\/news\/wp-json\/wp\/v2\/comments?post=48707"}],"version-history":[{"count":1,"href":"https:\/\/www.ilmercoledi.news\/ilmercoledi\/news\/wp-json\/wp\/v2\/posts\/48707\/revisions"}],"predecessor-version":[{"id":69067,"href":"https:\/\/www.ilmercoledi.news\/ilmercoledi\/news\/wp-json\/wp\/v2\/posts\/48707\/revisions\/69067"}],"wp:featuredmedia":[{"embeddable":true,"href":"https:\/\/www.ilmercoledi.news\/ilmercoledi\/news\/wp-json\/wp\/v2\/media\/48705"}],"wp:attachment":[{"href":"https:\/\/www.ilmercoledi.news\/ilmercoledi\/news\/wp-json\/wp\/v2\/media?parent=48707"}],"wp:term":[{"taxonomy":"category","embeddable":true,"href":"https:\/\/www.ilmercoledi.news\/ilmercoledi\/news\/wp-json\/wp\/v2\/categories?post=48707"},{"taxonomy":"post_tag","embeddable":true,"href":"https:\/\/www.ilmercoledi.news\/ilmercoledi\/news\/wp-json\/wp\/v2\/tags?post=48707"},{"taxonomy":"news-destination","embeddable":true,"href":"https:\/\/www.ilmercoledi.news\/ilmercoledi\/news\/wp-json\/wp\/v2\/news-destination?post=48707"},{"taxonomy":"news-source","embeddable":true,"href":"https:\/\/www.ilmercoledi.news\/ilmercoledi\/news\/wp-json\/wp\/v2\/news-source?post=48707"},{"taxonomy":"is_homepage","embeddable":true,"href":"https:\/\/www.ilmercoledi.news\/ilmercoledi\/news\/wp-json\/wp\/v2\/is_homepage?post=48707"},{"taxonomy":"ta_other","embeddable":true,"href":"https:\/\/www.ilmercoledi.news\/ilmercoledi\/news\/wp-json\/wp\/v2\/ta_other?post=48707"}],"curies":[{"name":"wp","href":"https:\/\/api.w.org\/{rel}","templated":true}]}}