{"id":48912,"date":"2022-08-31T14:52:17","date_gmt":"2022-08-31T12:52:17","guid":{"rendered":"https:\/\/www-ilmercoledi-news-*.sitenm.com\/?p=48912"},"modified":"2024-08-29T07:00:16","modified_gmt":"2023-11-03T07:00:16","slug":"santena-ritorna-il-disco-orario-nelle-piazze-della-citta","status":"publish","type":"post","link":"https:\/\/www.ilmercoledi.news\/2022\/08\/31\/santena-ritorna-il-disco-orario-nelle-piazze-della-citta\/","title":{"rendered":"SANTENA &#8211; Ritorna il disco orario nelle piazze della citt\u00e0"},"content":{"rendered":"<p>Il Comune di Santena ricorda che dal 1 settembre torner\u00e0 in vigore la regolamentazione della sosta a tempo (disco orario) in Piazza Martiri della Libert\u00e0, Piazza Forchino, Piazza San Lorenzo e Piazza della Costituzione. Il provvedimento era stato sospeso nel periodo estivo, per il calo fisiologico della circolazione stradale.<\/p>\n","protected":false},"excerpt":{"rendered":"","protected":false},"author":11,"featured_media":14570,"comment_status":"open","ping_status":"closed","sticky":false,"template":"","format":"standard","meta":[],"categories":[34],"tags":[],"news-destination":[],"news-source":[],"is_homepage":[581],"ta_other":[],"_links":{"self":[{"href":"https:\/\/www.ilmercoledi.news\/ilmercoledi\/news\/wp-json\/wp\/v2\/posts\/48912"}],"collection":[{"href":"https:\/\/www.ilmercoledi.news\/ilmercoledi\/news\/wp-json\/wp\/v2\/posts"}],"about":[{"href":"https:\/\/www.ilmercoledi.news\/ilmercoledi\/news\/wp-json\/wp\/v2\/types\/post"}],"author":[{"embeddable":true,"href":"https:\/\/www.ilmercoledi.news\/ilmercoledi\/news\/wp-json\/wp\/v2\/users\/11"}],"replies":[{"embeddable":true,"href":"https:\/\/www.ilmercoledi.news\/ilmercoledi\/news\/wp-json\/wp\/v2\/comments?post=48912"}],"version-history":[{"count":1,"href":"https:\/\/www.ilmercoledi.news\/ilmercoledi\/news\/wp-json\/wp\/v2\/posts\/48912\/revisions"}],"predecessor-version":[{"id":69007,"href":"https:\/\/www.ilmercoledi.news\/ilmercoledi\/news\/wp-json\/wp\/v2\/posts\/48912\/revisions\/69007"}],"wp:featuredmedia":[{"embeddable":true,"href":"https:\/\/www.ilmercoledi.news\/ilmercoledi\/news\/wp-json\/wp\/v2\/media\/14570"}],"wp:attachment":[{"href":"https:\/\/www.ilmercoledi.news\/ilmercoledi\/news\/wp-json\/wp\/v2\/media?parent=48912"}],"wp:term":[{"taxonomy":"category","embeddable":true,"href":"https:\/\/www.ilmercoledi.news\/ilmercoledi\/news\/wp-json\/wp\/v2\/categories?post=48912"},{"taxonomy":"post_tag","embeddable":true,"href":"https:\/\/www.ilmercoledi.news\/ilmercoledi\/news\/wp-json\/wp\/v2\/tags?post=48912"},{"taxonomy":"news-destination","embeddable":true,"href":"https:\/\/www.ilmercoledi.news\/ilmercoledi\/news\/wp-json\/wp\/v2\/news-destination?post=48912"},{"taxonomy":"news-source","embeddable":true,"href":"https:\/\/www.ilmercoledi.news\/ilmercoledi\/news\/wp-json\/wp\/v2\/news-source?post=48912"},{"taxonomy":"is_homepage","embeddable":true,"href":"https:\/\/www.ilmercoledi.news\/ilmercoledi\/news\/wp-json\/wp\/v2\/is_homepage?post=48912"},{"taxonomy":"ta_other","embeddable":true,"href":"https:\/\/www.ilmercoledi.news\/ilmercoledi\/news\/wp-json\/wp\/v2\/ta_other?post=48912"}],"curies":[{"name":"wp","href":"https:\/\/api.w.org\/{rel}","templated":true}]}}