{"id":48942,"date":"2022-09-02T07:05:41","date_gmt":"2022-09-02T05:05:41","guid":{"rendered":"https:\/\/www-ilmercoledi-news-*.sitenm.com\/?p=48942"},"modified":"2024-08-29T07:00:15","modified_gmt":"2023-11-03T07:00:15","slug":"regione-cinghiali-ordinanza-urgente-per-diminuirne-la-presenza","status":"publish","type":"post","link":"https:\/\/www.ilmercoledi.news\/2022\/09\/02\/regione-cinghiali-ordinanza-urgente-per-diminuirne-la-presenza\/","title":{"rendered":"REGIONE &#8211; Cinghiali, ordinanza urgente per diminuirne la presenza"},"content":{"rendered":"<p>La Regione Piemonte ha deciso misure urgenti e mirate per\u00a0diminuire la presenza dei cinghiali\u00a0sul territorio.<\/p>\n<p>Un&#8217;ordinanza\u00a0firmata dal vicepresidente della Regione stabilisce che:<\/p>\n<p>&#8211; la caccia di selezione al cinghiale pu\u00f2 essere effettuata anche nelle ore notturne, previo utilizzo di strumenti per la visione che facilitano la selezione degli individui;<\/p>\n<p>&#8211; il cacciatore che intende esercitare la selezione al cinghiale in qualunque Ambito territoriale di caccia o Comprensorio alpino diverso da quello di ammissione deve richiedere la relativa autorizzazione all\u2019ente di gestione, che la rilascia entro 48 ore senza oneri economici aggiuntivi;<\/p>\n<p>&#8211; gli appostamenti temporanei e le altane possono essere posizionati ad una misura non inferiore a 50 metri dal confine dell\u2019area protetta informando l\u2019ente gestore.<\/p>\n<p>Inoltre, l\u2019ordinanza prevede che la Regione, avvalendosi delle Province e della Citt\u00e0 Metropolitana di Torino, che emaneranno una manifestazione di interesse dedicata, compili e pubblichi sul proprio sito istituzionale un apposito\u00a0elenco di coadiutori, ovvero proprietari o conduttori di fondi appositamente formati e muniti di licenza di \u201cporto di fucile ad uso caccia\u201d, guardie venatorie volontarie e cacciatori nominativamente individuati in possesso di specifica formazione. Queste persone potranno effettuare\u00a0operazioni di contenimento dei cinghiali su richiesta di intervento dei proprietari o conduttori dei fondi interessati. L\u2019elenco riporter\u00e0 nome, cognome, numero di telefono e provincia di residenza di ogni coadiutore, in modo da garantirne l\u2019immediata reperibilit\u00e0 in caso di necessit\u00e0, e verr\u00e0 aggiornato ogni due settimane per consentire al maggior numero di soggetti, anche formati successivamente alla pubblicazione dell\u2019ordinanza, di attuare interventi di urgenza.<\/p>\n<p>Per ottenere una capillare attivit\u00e0 di depopolamento dei cinghiali, Province e Citt\u00e0 Metropolitana di Torino, Ambiti territoriali di caccia, Comprensori alpini, associazioni agricole e venatorie, enti gestori delle Aree protette garantiscono la necessaria attivit\u00e0 di formazione specifica organizzando\u00a0corsi di abilitazione\u00a0che si dovranno svolgere con cadenza quindicinale dalla seconda decade di settembre 2022.<\/p>\n<p>I componenti delle squadre al cinghiale potranno iscriversi ad altre squadre operanti negli Ambiti territoriali di caccia e nei Comprensori alpini piemontesi<\/p>\n<p>Infine, in deroga a quanto previsto dalla legge regionale n.5\/2018, comma 6 dell\u2019articolo 12, l\u2019attestato di partecipazione a prova di tiro per la caccia di selezione agli ungulati \u00e8 sospeso, in coerenza con la revisione normativa gi\u00e0 in corso e nell\u2019attesa della relativa approvazione.<\/p>\n","protected":false},"excerpt":{"rendered":"","protected":false},"author":11,"featured_media":3048,"comment_status":"open","ping_status":"closed","sticky":false,"template":"","format":"standard","meta":[],"categories":[34],"tags":[],"news-destination":[],"news-source":[],"is_homepage":[581],"ta_other":[],"_links":{"self":[{"href":"https:\/\/www.ilmercoledi.news\/ilmercoledi\/news\/wp-json\/wp\/v2\/posts\/48942"}],"collection":[{"href":"https:\/\/www.ilmercoledi.news\/ilmercoledi\/news\/wp-json\/wp\/v2\/posts"}],"about":[{"href":"https:\/\/www.ilmercoledi.news\/ilmercoledi\/news\/wp-json\/wp\/v2\/types\/post"}],"author":[{"embeddable":true,"href":"https:\/\/www.ilmercoledi.news\/ilmercoledi\/news\/wp-json\/wp\/v2\/users\/11"}],"replies":[{"embeddable":true,"href":"https:\/\/www.ilmercoledi.news\/ilmercoledi\/news\/wp-json\/wp\/v2\/comments?post=48942"}],"version-history":[{"count":1,"href":"https:\/\/www.ilmercoledi.news\/ilmercoledi\/news\/wp-json\/wp\/v2\/posts\/48942\/revisions"}],"predecessor-version":[{"id":68895,"href":"https:\/\/www.ilmercoledi.news\/ilmercoledi\/news\/wp-json\/wp\/v2\/posts\/48942\/revisions\/68895"}],"wp:featuredmedia":[{"embeddable":true,"href":"https:\/\/www.ilmercoledi.news\/ilmercoledi\/news\/wp-json\/wp\/v2\/media\/3048"}],"wp:attachment":[{"href":"https:\/\/www.ilmercoledi.news\/ilmercoledi\/news\/wp-json\/wp\/v2\/media?parent=48942"}],"wp:term":[{"taxonomy":"category","embeddable":true,"href":"https:\/\/www.ilmercoledi.news\/ilmercoledi\/news\/wp-json\/wp\/v2\/categories?post=48942"},{"taxonomy":"post_tag","embeddable":true,"href":"https:\/\/www.ilmercoledi.news\/ilmercoledi\/news\/wp-json\/wp\/v2\/tags?post=48942"},{"taxonomy":"news-destination","embeddable":true,"href":"https:\/\/www.ilmercoledi.news\/ilmercoledi\/news\/wp-json\/wp\/v2\/news-destination?post=48942"},{"taxonomy":"news-source","embeddable":true,"href":"https:\/\/www.ilmercoledi.news\/ilmercoledi\/news\/wp-json\/wp\/v2\/news-source?post=48942"},{"taxonomy":"is_homepage","embeddable":true,"href":"https:\/\/www.ilmercoledi.news\/ilmercoledi\/news\/wp-json\/wp\/v2\/is_homepage?post=48942"},{"taxonomy":"ta_other","embeddable":true,"href":"https:\/\/www.ilmercoledi.news\/ilmercoledi\/news\/wp-json\/wp\/v2\/ta_other?post=48942"}],"curies":[{"name":"wp","href":"https:\/\/api.w.org\/{rel}","templated":true}]}}