{"id":48959,"date":"2022-09-05T07:10:11","date_gmt":"2022-09-05T05:10:11","guid":{"rendered":"https:\/\/www-ilmercoledi-news-*.sitenm.com\/?p=48959"},"modified":"2024-08-29T07:00:15","modified_gmt":"2023-11-03T07:00:15","slug":"moncalieri-torna-la-giornata-del-silenzio-ecco-il-programma-degli-eventi","status":"publish","type":"post","link":"https:\/\/www.ilmercoledi.news\/2022\/09\/05\/moncalieri-torna-la-giornata-del-silenzio-ecco-il-programma-degli-eventi\/","title":{"rendered":"MONCALIERI &#8211; Torna la giornata del silenzio: ecco il programma degli eventi"},"content":{"rendered":"<p>Per il secondo anno consecutivo torna, inserita nel grande cartellone culturale estivo Moncalieri Summer Experience, la \u201cGiornata in Silenzio\u201d, l&#8217;11 settembre al giardino delle rose. Una giornata per ascoltare se stessi, per vivere il tempo con un\u2019intensit\u00e0 pi\u00f9 profonda e diradata, per sentire il flusso della vita senza tensioni e senza inquinamento acustico. L\u2019iniziativa prevede momenti di pratica, di riflessione e azioni performative al Giardino delle Rose e nel Parco delle Vallere. Si incomincia alle ore 9 con una \u201cPreghiera\u201d della coreografa e danzatrice Francesca Cola, un\u2019introduzione artistica e rituale all\u2019esperienza e si chiude come sempre con un desco speciale, simbolo di condivisione del cibo. Tutto in silenzio.<\/p>\n<p align=\"left\"><b>PREGHIERA<\/b><\/p>\n<p><b>spettacolo in silenzio\u2013danza<\/b><\/p>\n<p><b>h.9.00 Giardino delle Rose<\/b><\/p>\n<p>di e con\u00a0<b>Francesca Cola<\/b><\/p>\n<p align=\"left\"><b>Offerta libera<\/b><\/p>\n<p>&nbsp;<\/p>\n<p>Preghiera \u00e8 una meditazione corporea in quattro tempi, una liturgia delle ore per corpo in contatto con la natura arborescente. Il corpo della danzatrice, immerso e in ascolto del ritmo vegetale, interroga e indaga il flusso di movimento e il gesto che la muovono verso la luce (&#8220;come un vegetale che si mangia la luce&#8221;), con poetica semplicit\u00e0 articolare. La poesia del gesto, del movimento e l&#8217;esplorazione delicata della fragilit\u00e0 dell&#8217;umano immerso nella natura \u00e8 condivisibile con lo spettatore che si pu\u00f2 unire alla pratica o, semplicemente, stare in ascolto attraverso lo sguardo.<\/p>\n<p align=\"left\">\n<p align=\"left\"><b>IMMERSIONI &#8211; FOREST BATHING<\/b><\/p>\n<p align=\"left\"><b>Camminata in natura in silenzio<\/b><\/p>\n<p align=\"left\"><b>dalle ore 10,30 alle ore 13,30 Parco Le Vallere (con partenza dal Giardino delle Rose)<\/b><\/p>\n<p align=\"left\"><b>Evento a pagamento<\/b><\/p>\n<p align=\"left\"><b>Quota di partecipazione 25,00\u20ac<\/b><\/p>\n<p align=\"left\">pratiche meditative a cura di Fabio Castello<\/p>\n<p align=\"left\">pratica di movimento armonico Francesca Cola<\/p>\n<p>Shinrin-Yoku o Forest Bathing \u00e8 una pratica nata in Giappone nel 1982, come parte di un programma sanitario nazionale istituito per ridurre i livelli di stress della popolazione. La Forest Bathing \u00e8 oggi a ragione annoverata tra le terapie preventive per la salute umana e si sta rapidamente diffondendo nel mondo. Un\u2019immersione nella natura per apprezzarne a pieno i profumi, i colori e i suoni e per apportare beneficio a corpo e mente. Una vasta mole di dati raccolti dimostra che questa pratica \u00e8 in grado dopo sole tre ore di: alleviare lo stress, stimolare la concentrazione e la memoria, aiutare a dormire meglio, potenziare il sistema immunitario, infondere energia e portare vigore.<\/p>\n<p align=\"left\">\n<p align=\"left\"><b>PAROLE DEL SILENZIO<\/b><\/p>\n<p align=\"left\"><b>percorso itinerante e incontro nel Giardino delle Rose<\/b><\/p>\n<p align=\"left\"><b>Dalle ore 16,00 alle ore 18,30<\/b><\/p>\n<p align=\"left\"><b>Offerta libera<\/b><\/p>\n<p align=\"left\">\n<p align=\"left\">a cura di Maura Sesia e Raffaella Tomellini<\/p>\n<p align=\"left\">con la partecipazione della monaca Antonella Casiraghi, tra le fondatrici del Monastero do Bose<\/p>\n<p>La parola scritta \u00e8 sposa del Silenzio. Il Silenzio \u00e8 complice della meditazione, del dialogo interiore. Parlare di Silenzio \u00e8 un ossimoro buono. Poeti, narratori, saggisti, scrittori, hanno dedicato i loro pensieri e le loro parole al Silenzio. Dal suono di parole sul Silenzio pu\u00f2 rinascere il dialogo con le tante sfaccettature del nostro io. Parole lievi, che accarezzino e guidino in un percorso di conoscenza di s\u00e9 e degli altri. Affinch\u00e9 bandendo la parola urlata, restituendo forza agli sguardi e ai gesti, all&#8217;umano nella sua integrit\u00e0, si ritrovino barlumi di autenticit\u00e0.<\/p>\n<p>&nbsp;<\/p>\n<p>Il silenzio porta con s\u00e9 un grande fascino, nel silenzio vibra un senso di mistero. E nel corso tempo alcuni grandi autori hanno provato a descriverlo, ad avvicinarsi, ad ascoltarlo e a restituircelo con le parole. Oseremo pronunciare quelle parole, oseremo rompere il silenzio per parlare del silenzio. Sar\u00e0 con noi Antonella Casiraghi, monaca, che al termine delle nostre Parole del Silenzio, ci offrir\u00e0 la sua testimonianza.<\/p>\n<p align=\"left\"><b>CENA IN SILENZIO<\/b><\/p>\n<p align=\"left\">Parco del Castello o Giardino delle rose<\/p>\n<p align=\"left\">h. 20,30<\/p>\n<p align=\"left\"><b>Evento a pagamento<\/b><\/p>\n<p align=\"left\"><b>Quota di partecipazione 20,00\u20ac<\/b><\/p>\n<p align=\"left\">\n<p align=\"left\">da un\u2019idea di Fabio Castello<\/p>\n<p align=\"left\">coordinamento movimenti scenici Fabio Castello<\/p>\n<p align=\"left\">scene Lucia Giorgio<\/p>\n<p align=\"left\">cast in definizione<\/p>\n<p align=\"left\">riprese video Sandro Carnino<\/p>\n<p align=\"left\">Produzione Le Sillabe<\/p>\n<p align=\"left\">co-produzione Play with Food &#8211; La scena del Cibo<\/p>\n<p align=\"left\">progetto in collaborazione con: Palchi Reali, Comune di Moncalieri, Comunit\u00e0 Creativa Solitudo<\/p>\n<p align=\"left\">\n","protected":false},"excerpt":{"rendered":"","protected":false},"author":11,"featured_media":19166,"comment_status":"open","ping_status":"closed","sticky":false,"template":"","format":"standard","meta":[],"categories":[34],"tags":[],"news-destination":[],"news-source":[],"is_homepage":[581],"ta_other":[],"_links":{"self":[{"href":"https:\/\/www.ilmercoledi.news\/ilmercoledi\/news\/wp-json\/wp\/v2\/posts\/48959"}],"collection":[{"href":"https:\/\/www.ilmercoledi.news\/ilmercoledi\/news\/wp-json\/wp\/v2\/posts"}],"about":[{"href":"https:\/\/www.ilmercoledi.news\/ilmercoledi\/news\/wp-json\/wp\/v2\/types\/post"}],"author":[{"embeddable":true,"href":"https:\/\/www.ilmercoledi.news\/ilmercoledi\/news\/wp-json\/wp\/v2\/users\/11"}],"replies":[{"embeddable":true,"href":"https:\/\/www.ilmercoledi.news\/ilmercoledi\/news\/wp-json\/wp\/v2\/comments?post=48959"}],"version-history":[{"count":1,"href":"https:\/\/www.ilmercoledi.news\/ilmercoledi\/news\/wp-json\/wp\/v2\/posts\/48959\/revisions"}],"predecessor-version":[{"id":68903,"href":"https:\/\/www.ilmercoledi.news\/ilmercoledi\/news\/wp-json\/wp\/v2\/posts\/48959\/revisions\/68903"}],"wp:featuredmedia":[{"embeddable":true,"href":"https:\/\/www.ilmercoledi.news\/ilmercoledi\/news\/wp-json\/wp\/v2\/media\/19166"}],"wp:attachment":[{"href":"https:\/\/www.ilmercoledi.news\/ilmercoledi\/news\/wp-json\/wp\/v2\/media?parent=48959"}],"wp:term":[{"taxonomy":"category","embeddable":true,"href":"https:\/\/www.ilmercoledi.news\/ilmercoledi\/news\/wp-json\/wp\/v2\/categories?post=48959"},{"taxonomy":"post_tag","embeddable":true,"href":"https:\/\/www.ilmercoledi.news\/ilmercoledi\/news\/wp-json\/wp\/v2\/tags?post=48959"},{"taxonomy":"news-destination","embeddable":true,"href":"https:\/\/www.ilmercoledi.news\/ilmercoledi\/news\/wp-json\/wp\/v2\/news-destination?post=48959"},{"taxonomy":"news-source","embeddable":true,"href":"https:\/\/www.ilmercoledi.news\/ilmercoledi\/news\/wp-json\/wp\/v2\/news-source?post=48959"},{"taxonomy":"is_homepage","embeddable":true,"href":"https:\/\/www.ilmercoledi.news\/ilmercoledi\/news\/wp-json\/wp\/v2\/is_homepage?post=48959"},{"taxonomy":"ta_other","embeddable":true,"href":"https:\/\/www.ilmercoledi.news\/ilmercoledi\/news\/wp-json\/wp\/v2\/ta_other?post=48959"}],"curies":[{"name":"wp","href":"https:\/\/api.w.org\/{rel}","templated":true}]}}