{"id":48963,"date":"2022-09-05T07:12:08","date_gmt":"2022-09-05T05:12:08","guid":{"rendered":"https:\/\/www-ilmercoledi-news-*.sitenm.com\/?p=48963"},"modified":"2024-08-29T07:00:15","modified_gmt":"2023-11-03T07:00:15","slug":"asl-5-cambio-della-guardia-la-vertice-dei-distretti-di-moncalieri-e-nichelino","status":"publish","type":"post","link":"https:\/\/www.ilmercoledi.news\/2022\/09\/05\/asl-5-cambio-della-guardia-la-vertice-dei-distretti-di-moncalieri-e-nichelino\/","title":{"rendered":"ASL TO 5 &#8211; Cambio della guardia la vertice dei distretti di Moncalieri e Nichelino"},"content":{"rendered":"<p align=\"JUSTIFY\">Alla guida dei Distretti socio-sanitari di Moncalieri e Nichelino arriva Rosetta Borghese. E\u2019 stata nominata a seguito di concorso il primo agosto. Si va cos\u00ec a completare la copertura del coordinamento dei distretti dove, Chieri e Carmagnola sono guidati dal dott. Mario Traina.<\/p>\n<p align=\"JUSTIFY\">Rosetta Borghese, 57 anni, laurea in Medicina e Chirurgia conseguita nel 2001 all\u2019Universit\u00e0 degli Studi di Torino e, successivamente si \u00e8 specializzata in Igiene e medicina preventiva. Dopo alcune brevi esperienze al San Giovanni Battista Molinette di Torino nel 2003 e ad Asti nel 2005, la dottoressa Borghese ha sempre prestato servizio, con diversi incarichi dirigenziali, nell\u2019ambito dell\u2019Asl TO5. Ora la nomina alla guida dei due popolosi distretti dell\u2019Azienda sanitaria. Un posto ricoperto per moltissimi anni dalla dottoressa Teresa Bevivino.<\/p>\n<p align=\"JUSTIFY\">\u201cSono molto contenta di aver assunto il ruolo di Direttore dei Distretti di Moncalieri e Nichelino in questo momento storico \u2013 ha affermato la dott.ssa Borghese -, infatti grazie all&#8217;emanazione del PNRR, il territorio attraverso la creazione di nuove strutture quali le Centrali Operative, Case della Comunit\u00e0 e Ospedali di Comunit\u00e0 e il rafforzamento delle reti gi\u00e0 esistenti con i Servizi Sociali, Comuni e associazioni dei pazienti e volontariato garantir\u00e0 la presa in carico della popolazione tutelandone la salute.\u201d<\/p>\n<p align=\"JUSTIFY\">\n","protected":false},"excerpt":{"rendered":"","protected":false},"author":11,"featured_media":48962,"comment_status":"open","ping_status":"closed","sticky":false,"template":"","format":"standard","meta":[],"categories":[34],"tags":[],"news-destination":[],"news-source":[],"is_homepage":[581],"ta_other":[],"_links":{"self":[{"href":"https:\/\/www.ilmercoledi.news\/ilmercoledi\/news\/wp-json\/wp\/v2\/posts\/48963"}],"collection":[{"href":"https:\/\/www.ilmercoledi.news\/ilmercoledi\/news\/wp-json\/wp\/v2\/posts"}],"about":[{"href":"https:\/\/www.ilmercoledi.news\/ilmercoledi\/news\/wp-json\/wp\/v2\/types\/post"}],"author":[{"embeddable":true,"href":"https:\/\/www.ilmercoledi.news\/ilmercoledi\/news\/wp-json\/wp\/v2\/users\/11"}],"replies":[{"embeddable":true,"href":"https:\/\/www.ilmercoledi.news\/ilmercoledi\/news\/wp-json\/wp\/v2\/comments?post=48963"}],"version-history":[{"count":1,"href":"https:\/\/www.ilmercoledi.news\/ilmercoledi\/news\/wp-json\/wp\/v2\/posts\/48963\/revisions"}],"predecessor-version":[{"id":68917,"href":"https:\/\/www.ilmercoledi.news\/ilmercoledi\/news\/wp-json\/wp\/v2\/posts\/48963\/revisions\/68917"}],"wp:featuredmedia":[{"embeddable":true,"href":"https:\/\/www.ilmercoledi.news\/ilmercoledi\/news\/wp-json\/wp\/v2\/media\/48962"}],"wp:attachment":[{"href":"https:\/\/www.ilmercoledi.news\/ilmercoledi\/news\/wp-json\/wp\/v2\/media?parent=48963"}],"wp:term":[{"taxonomy":"category","embeddable":true,"href":"https:\/\/www.ilmercoledi.news\/ilmercoledi\/news\/wp-json\/wp\/v2\/categories?post=48963"},{"taxonomy":"post_tag","embeddable":true,"href":"https:\/\/www.ilmercoledi.news\/ilmercoledi\/news\/wp-json\/wp\/v2\/tags?post=48963"},{"taxonomy":"news-destination","embeddable":true,"href":"https:\/\/www.ilmercoledi.news\/ilmercoledi\/news\/wp-json\/wp\/v2\/news-destination?post=48963"},{"taxonomy":"news-source","embeddable":true,"href":"https:\/\/www.ilmercoledi.news\/ilmercoledi\/news\/wp-json\/wp\/v2\/news-source?post=48963"},{"taxonomy":"is_homepage","embeddable":true,"href":"https:\/\/www.ilmercoledi.news\/ilmercoledi\/news\/wp-json\/wp\/v2\/is_homepage?post=48963"},{"taxonomy":"ta_other","embeddable":true,"href":"https:\/\/www.ilmercoledi.news\/ilmercoledi\/news\/wp-json\/wp\/v2\/ta_other?post=48963"}],"curies":[{"name":"wp","href":"https:\/\/api.w.org\/{rel}","templated":true}]}}