{"id":48970,"date":"2022-09-05T14:43:48","date_gmt":"2022-09-05T12:43:48","guid":{"rendered":"https:\/\/www-ilmercoledi-news-*.sitenm.com\/?p=48970"},"modified":"2024-08-29T07:00:15","modified_gmt":"2023-11-03T07:00:15","slug":"carmagnola-il-programma-delle-iniziative-per-la-patronale-di-salsasio","status":"publish","type":"post","link":"https:\/\/www.ilmercoledi.news\/2022\/09\/05\/carmagnola-il-programma-delle-iniziative-per-la-patronale-di-salsasio\/","title":{"rendered":"CARMAGNOLA &#8211; Il programma delle iniziative per la patronale di Salsasio"},"content":{"rendered":"<p>La Parrocchia ed il Borgo di Salsasio sono pronti per festeggiare la propria Patrona, la Madonna della Mercede, conosciuta anche come Madonna di Salsasio.<\/p>\n<p>Dopo due anni di stop dovuti alla pandemia ritornano finalmente la fiaccolata serale e la tradizionale processione solenne che quest&#8217;anno sar\u00e0 presieduta dal Vescovo emerito di Biella S. E. R. Mons. Gabriele Mana.<\/p>\n<p>Negli ultimi due anni infatti, per via delle restrizioni legate alla pandemia da Coronavirus, il borgo della Madonna ha festeggiato la sua mamma celeste con Messe solenni e lo scorso anno con una Peregrinatio Mariae che ha visto la statua della Madonna passare tra le case su un apposito carro, trainato da un trattore, ma che ha visto uno stop totale alla processione tradizionale.<\/p>\n<p>Quest&#8217;anno la Parrocchia Santa Maria di Salsasio guidata dal Parroco don Iosif Patrascan ha preparato, attraverso i lavori del Consiglio Pastorale Parrocchiale, un ricco programma di celebrazioni.<\/p>\n<p>Eccole nel dettaglio.<\/p>\n<p>Gioved\u00ec 15 settembre alle ore 20,30 nella chiesa antica (via Torino 191) verr\u00e0 celebrata la S. Messa con la Benedizione dei portatori e delle barre processionali. Seguir\u00e0 la fiaccolata che accompagner\u00e0 la statua della Madonna della Mercede nella chiesa nuova (via Novara 102), sede della Parrocchia.<\/p>\n<p>Venerd\u00ec 16 e sabato 17 settembre alle ore 17,30 S. Rosario e alle 18 S. Messa nella chiesa nuova.<\/p>\n<p>Domenica 18 settembre, festa patronale di Salsasio, alle 10 nella chiesa nuova verr\u00e0 celebrata la S. Messa solenne presieduta da S. E. R. Mons. Gabriele Mana, Vescovo emerito di Biella, a cui seguir\u00e0 al solenne processione con la partecipazione dei gruppi parrocchiali e delle associazioni di Salsasio che riporter\u00e0 la statua nella chiesa antica, chiesa madre della Parrocchia.<\/p>\n<p>In conclusione, nella chiesa antica, affidamento a Maria della Parrocchia e del Borgo e in particolare affidamento a Maria di tutti i bambini e le bambine. La celebrazione si concluder\u00e0 con la solenne Benedizione impartita dal Vescovo celebrante.<\/p>\n<p>Il giorno dopo la festa, luned\u00ec 19 settembre, alle ore 18 nella chiesa antica verr\u00e0 celebrata la S. Messa in ricordo di tutti i Sacerdoti, i Parroci ed i religiosi defunti di Salsasio.<\/p>\n<p>Le celebrazioni della festa patronale della Madonna della Mercede si chiuderanno poi marted\u00ec 20 settembre alle 18 con la Messa nella chiesetta del Morello.<\/p>\n","protected":false},"excerpt":{"rendered":"","protected":false},"author":11,"featured_media":48969,"comment_status":"open","ping_status":"closed","sticky":false,"template":"","format":"standard","meta":[],"categories":[34],"tags":[],"news-destination":[],"news-source":[],"is_homepage":[581],"ta_other":[],"_links":{"self":[{"href":"https:\/\/www.ilmercoledi.news\/ilmercoledi\/news\/wp-json\/wp\/v2\/posts\/48970"}],"collection":[{"href":"https:\/\/www.ilmercoledi.news\/ilmercoledi\/news\/wp-json\/wp\/v2\/posts"}],"about":[{"href":"https:\/\/www.ilmercoledi.news\/ilmercoledi\/news\/wp-json\/wp\/v2\/types\/post"}],"author":[{"embeddable":true,"href":"https:\/\/www.ilmercoledi.news\/ilmercoledi\/news\/wp-json\/wp\/v2\/users\/11"}],"replies":[{"embeddable":true,"href":"https:\/\/www.ilmercoledi.news\/ilmercoledi\/news\/wp-json\/wp\/v2\/comments?post=48970"}],"version-history":[{"count":1,"href":"https:\/\/www.ilmercoledi.news\/ilmercoledi\/news\/wp-json\/wp\/v2\/posts\/48970\/revisions"}],"predecessor-version":[{"id":68911,"href":"https:\/\/www.ilmercoledi.news\/ilmercoledi\/news\/wp-json\/wp\/v2\/posts\/48970\/revisions\/68911"}],"wp:featuredmedia":[{"embeddable":true,"href":"https:\/\/www.ilmercoledi.news\/ilmercoledi\/news\/wp-json\/wp\/v2\/media\/48969"}],"wp:attachment":[{"href":"https:\/\/www.ilmercoledi.news\/ilmercoledi\/news\/wp-json\/wp\/v2\/media?parent=48970"}],"wp:term":[{"taxonomy":"category","embeddable":true,"href":"https:\/\/www.ilmercoledi.news\/ilmercoledi\/news\/wp-json\/wp\/v2\/categories?post=48970"},{"taxonomy":"post_tag","embeddable":true,"href":"https:\/\/www.ilmercoledi.news\/ilmercoledi\/news\/wp-json\/wp\/v2\/tags?post=48970"},{"taxonomy":"news-destination","embeddable":true,"href":"https:\/\/www.ilmercoledi.news\/ilmercoledi\/news\/wp-json\/wp\/v2\/news-destination?post=48970"},{"taxonomy":"news-source","embeddable":true,"href":"https:\/\/www.ilmercoledi.news\/ilmercoledi\/news\/wp-json\/wp\/v2\/news-source?post=48970"},{"taxonomy":"is_homepage","embeddable":true,"href":"https:\/\/www.ilmercoledi.news\/ilmercoledi\/news\/wp-json\/wp\/v2\/is_homepage?post=48970"},{"taxonomy":"ta_other","embeddable":true,"href":"https:\/\/www.ilmercoledi.news\/ilmercoledi\/news\/wp-json\/wp\/v2\/ta_other?post=48970"}],"curies":[{"name":"wp","href":"https:\/\/api.w.org\/{rel}","templated":true}]}}