{"id":49040,"date":"2022-09-07T07:14:39","date_gmt":"2022-09-07T05:14:39","guid":{"rendered":"https:\/\/www-ilmercoledi-news-*.sitenm.com\/?p=49040"},"modified":"2024-08-29T07:00:10","modified_gmt":"2023-11-03T07:00:10","slug":"moncalieri-parte-ritmika-con-il-primo-appuntamento-al-foro-boario","status":"publish","type":"post","link":"https:\/\/www.ilmercoledi.news\/2022\/09\/07\/moncalieri-parte-ritmika-con-il-primo-appuntamento-al-foro-boario\/","title":{"rendered":"MONCALIERI &#8211; Parte Ritmika con il primo appuntamento al Foro Boario"},"content":{"rendered":"<p>Questa sera parte Ritmika, il festival musicale di Moncalieri, che per l&#8217;esordio suona forte e rock. Sul palco The Zen Circus + Naska. L&#8217;apertura dei cancelli \u00e8 prevista per le ore 18.00, mentre l&#8217;inizio del concerto \u00e8 fissato per le 21 circa. Onde evitare confusione in prossimit\u00e0 dell&#8217;inizio concerti il consiglio \u00e8 di arrivare sul luogo dell\u2019evento con un po&#8217; di anticipo e gi\u00e0 in possesso di biglietto e documento di identit\u00e0 valido (tagliando cartaceo, PDF da stampare, e-ticket).<\/p>\n","protected":false},"excerpt":{"rendered":"","protected":false},"author":11,"featured_media":49037,"comment_status":"open","ping_status":"closed","sticky":false,"template":"","format":"standard","meta":[],"categories":[34],"tags":[],"news-destination":[],"news-source":[],"is_homepage":[581],"ta_other":[],"_links":{"self":[{"href":"https:\/\/www.ilmercoledi.news\/ilmercoledi\/news\/wp-json\/wp\/v2\/posts\/49040"}],"collection":[{"href":"https:\/\/www.ilmercoledi.news\/ilmercoledi\/news\/wp-json\/wp\/v2\/posts"}],"about":[{"href":"https:\/\/www.ilmercoledi.news\/ilmercoledi\/news\/wp-json\/wp\/v2\/types\/post"}],"author":[{"embeddable":true,"href":"https:\/\/www.ilmercoledi.news\/ilmercoledi\/news\/wp-json\/wp\/v2\/users\/11"}],"replies":[{"embeddable":true,"href":"https:\/\/www.ilmercoledi.news\/ilmercoledi\/news\/wp-json\/wp\/v2\/comments?post=49040"}],"version-history":[{"count":1,"href":"https:\/\/www.ilmercoledi.news\/ilmercoledi\/news\/wp-json\/wp\/v2\/posts\/49040\/revisions"}],"predecessor-version":[{"id":49041,"href":"https:\/\/www.ilmercoledi.news\/ilmercoledi\/news\/wp-json\/wp\/v2\/posts\/49040\/revisions\/49041"}],"wp:featuredmedia":[{"embeddable":true,"href":"https:\/\/www.ilmercoledi.news\/ilmercoledi\/news\/wp-json\/wp\/v2\/media\/49037"}],"wp:attachment":[{"href":"https:\/\/www.ilmercoledi.news\/ilmercoledi\/news\/wp-json\/wp\/v2\/media?parent=49040"}],"wp:term":[{"taxonomy":"category","embeddable":true,"href":"https:\/\/www.ilmercoledi.news\/ilmercoledi\/news\/wp-json\/wp\/v2\/categories?post=49040"},{"taxonomy":"post_tag","embeddable":true,"href":"https:\/\/www.ilmercoledi.news\/ilmercoledi\/news\/wp-json\/wp\/v2\/tags?post=49040"},{"taxonomy":"news-destination","embeddable":true,"href":"https:\/\/www.ilmercoledi.news\/ilmercoledi\/news\/wp-json\/wp\/v2\/news-destination?post=49040"},{"taxonomy":"news-source","embeddable":true,"href":"https:\/\/www.ilmercoledi.news\/ilmercoledi\/news\/wp-json\/wp\/v2\/news-source?post=49040"},{"taxonomy":"is_homepage","embeddable":true,"href":"https:\/\/www.ilmercoledi.news\/ilmercoledi\/news\/wp-json\/wp\/v2\/is_homepage?post=49040"},{"taxonomy":"ta_other","embeddable":true,"href":"https:\/\/www.ilmercoledi.news\/ilmercoledi\/news\/wp-json\/wp\/v2\/ta_other?post=49040"}],"curies":[{"name":"wp","href":"https:\/\/api.w.org\/{rel}","templated":true}]}}