{"id":49159,"date":"2022-09-13T13:45:02","date_gmt":"2022-09-13T11:45:02","guid":{"rendered":"https:\/\/www-ilmercoledi-news-*.sitenm.com\/?p=49159"},"modified":"2024-08-29T07:00:10","modified_gmt":"2023-11-03T07:00:10","slug":"vinovo-le-date-di-avvio-dei-servizi-scolastici","status":"publish","type":"post","link":"https:\/\/www.ilmercoledi.news\/2022\/09\/13\/vinovo-le-date-di-avvio-dei-servizi-scolastici\/","title":{"rendered":"VINOVO &#8211; Le date di avvio dei servizi scolastici"},"content":{"rendered":"<p>Il Comune di vinovo ha comunicato che il servizio di mensa scolastica verr\u00e0 attivato secondo il seguente calendario: per la scuola dell\u2019infanzia e la scuola primaria a partire da luned\u00ec 19 settembre; per le classi a tempo prolungato della scuola &#8220;Gioanetti&#8221; verr\u00e0 comunicato successivamente dalla scuola. Per poter usufruire del servizio \u00e8 necessario aver effettuato l&#8217;iscrizione\/rinnovo sul portale mensa della Dussmann.<\/p>\n<p>TRASPORTO SCOLASTICO<\/p>\n<p>Il servizio partir\u00e0 marted\u00ec 13 settembre soltanto per chi avr\u00e0 presentato domanda entro il 30 giugno 2022. Gli studenti le cui richieste sono pervenute successivamente, potranno usufruire del servizio a partire da luned\u00ec 19 settembre. Si precisa che il percorso definitivo dello scuolabus verr\u00e0 trasmesso nel momento in cui sar\u00e0 in vigore l&#8217;orario scolastico definitivo.<\/p>\n<p>PRE POST SCUOLA E POMERIGGI INTEGRATIVI<\/p>\n<p>Saranno attivati i servizi di pre post scuola e pomeriggi integrativi alla scuola \u201cDon Milani\u201d e il dopo scuola alla materna &#8220;Luzzati&#8221; a partire da luned\u00ec 19 settembre sulla base delle richieste pervenute entro il 16 settembre. I\u00a0 moduli di iscrizione sono scaricabili al link seguente: Pre post scuola e pomeriggi integrativi. Ogni servizio sar\u00e0 attivato con un minimo di 12 iscritti.<\/p>\n<p>PEDIBUS<\/p>\n<p>Il servizio verr\u00e0 avviato per i bambini della scuola \u201cDon Milani\u201d luned\u00ec 3 ottobre.<\/p>\n<p>&nbsp;<\/p>\n","protected":false},"excerpt":{"rendered":"","protected":false},"author":11,"featured_media":4878,"comment_status":"open","ping_status":"closed","sticky":false,"template":"","format":"standard","meta":[],"categories":[34],"tags":[],"news-destination":[],"news-source":[],"is_homepage":[581],"ta_other":[],"_links":{"self":[{"href":"https:\/\/www.ilmercoledi.news\/ilmercoledi\/news\/wp-json\/wp\/v2\/posts\/49159"}],"collection":[{"href":"https:\/\/www.ilmercoledi.news\/ilmercoledi\/news\/wp-json\/wp\/v2\/posts"}],"about":[{"href":"https:\/\/www.ilmercoledi.news\/ilmercoledi\/news\/wp-json\/wp\/v2\/types\/post"}],"author":[{"embeddable":true,"href":"https:\/\/www.ilmercoledi.news\/ilmercoledi\/news\/wp-json\/wp\/v2\/users\/11"}],"replies":[{"embeddable":true,"href":"https:\/\/www.ilmercoledi.news\/ilmercoledi\/news\/wp-json\/wp\/v2\/comments?post=49159"}],"version-history":[{"count":1,"href":"https:\/\/www.ilmercoledi.news\/ilmercoledi\/news\/wp-json\/wp\/v2\/posts\/49159\/revisions"}],"predecessor-version":[{"id":68891,"href":"https:\/\/www.ilmercoledi.news\/ilmercoledi\/news\/wp-json\/wp\/v2\/posts\/49159\/revisions\/68891"}],"wp:featuredmedia":[{"embeddable":true,"href":"https:\/\/www.ilmercoledi.news\/ilmercoledi\/news\/wp-json\/wp\/v2\/media\/4878"}],"wp:attachment":[{"href":"https:\/\/www.ilmercoledi.news\/ilmercoledi\/news\/wp-json\/wp\/v2\/media?parent=49159"}],"wp:term":[{"taxonomy":"category","embeddable":true,"href":"https:\/\/www.ilmercoledi.news\/ilmercoledi\/news\/wp-json\/wp\/v2\/categories?post=49159"},{"taxonomy":"post_tag","embeddable":true,"href":"https:\/\/www.ilmercoledi.news\/ilmercoledi\/news\/wp-json\/wp\/v2\/tags?post=49159"},{"taxonomy":"news-destination","embeddable":true,"href":"https:\/\/www.ilmercoledi.news\/ilmercoledi\/news\/wp-json\/wp\/v2\/news-destination?post=49159"},{"taxonomy":"news-source","embeddable":true,"href":"https:\/\/www.ilmercoledi.news\/ilmercoledi\/news\/wp-json\/wp\/v2\/news-source?post=49159"},{"taxonomy":"is_homepage","embeddable":true,"href":"https:\/\/www.ilmercoledi.news\/ilmercoledi\/news\/wp-json\/wp\/v2\/is_homepage?post=49159"},{"taxonomy":"ta_other","embeddable":true,"href":"https:\/\/www.ilmercoledi.news\/ilmercoledi\/news\/wp-json\/wp\/v2\/ta_other?post=49159"}],"curies":[{"name":"wp","href":"https:\/\/api.w.org\/{rel}","templated":true}]}}