{"id":49179,"date":"2022-09-14T15:01:55","date_gmt":"2022-09-14T13:01:55","guid":{"rendered":"https:\/\/www-ilmercoledi-news-*.sitenm.com\/?p=49179"},"modified":"2024-08-29T07:00:10","modified_gmt":"2023-11-03T07:00:10","slug":"la-loggia-conto-alla-rovescia-per-il-memorial-roberto-procchio-22-girotondo-piemontese","status":"publish","type":"post","link":"https:\/\/www.ilmercoledi.news\/2022\/09\/14\/la-loggia-conto-alla-rovescia-per-il-memorial-roberto-procchio-22-girotondo-piemontese\/","title":{"rendered":"LA LOGGIA &#8211; Conto alla rovescia per il memorial Roberto Procchio. 22\u00b0 Girotondo Piemontese."},"content":{"rendered":"<p>Conto alla rovescia per il 13 esimo memorial Roberto Procchio e il 22\u00b0 Girotondo Piemontese, dedicato agli appassionati d&#8217;auto d&#8217;epoca. \u00c8 prevista la gratuit\u00e0 per il conducente e un accompagnatore per i soci che parteciperanno con auto o moto costruita entro il 1950. Per gli altri soci \u00e8 prevista la gratuit\u00e0 per il conducente, mentre per gli altri partecipanti il costo \u00e8 di euro 35 euro a persona. Per l\u2019iscrizione telefonare ai numeri 334-7869159 (Concetta) oppure 346-3131588 (Carlo) entro il giorno 18 settembre 2022. La prenotazione \u00e8 obbligatoria; si terr\u00e0 conto della data di prenotazione fino a esaurimento dei posti disponibili.<\/p>\n","protected":false},"excerpt":{"rendered":"","protected":false},"author":11,"featured_media":5241,"comment_status":"open","ping_status":"closed","sticky":false,"template":"","format":"standard","meta":[],"categories":[34],"tags":[],"news-destination":[],"news-source":[],"is_homepage":[581],"ta_other":[],"_links":{"self":[{"href":"https:\/\/www.ilmercoledi.news\/ilmercoledi\/news\/wp-json\/wp\/v2\/posts\/49179"}],"collection":[{"href":"https:\/\/www.ilmercoledi.news\/ilmercoledi\/news\/wp-json\/wp\/v2\/posts"}],"about":[{"href":"https:\/\/www.ilmercoledi.news\/ilmercoledi\/news\/wp-json\/wp\/v2\/types\/post"}],"author":[{"embeddable":true,"href":"https:\/\/www.ilmercoledi.news\/ilmercoledi\/news\/wp-json\/wp\/v2\/users\/11"}],"replies":[{"embeddable":true,"href":"https:\/\/www.ilmercoledi.news\/ilmercoledi\/news\/wp-json\/wp\/v2\/comments?post=49179"}],"version-history":[{"count":1,"href":"https:\/\/www.ilmercoledi.news\/ilmercoledi\/news\/wp-json\/wp\/v2\/posts\/49179\/revisions"}],"predecessor-version":[{"id":68889,"href":"https:\/\/www.ilmercoledi.news\/ilmercoledi\/news\/wp-json\/wp\/v2\/posts\/49179\/revisions\/68889"}],"wp:featuredmedia":[{"embeddable":true,"href":"https:\/\/www.ilmercoledi.news\/ilmercoledi\/news\/wp-json\/wp\/v2\/media\/5241"}],"wp:attachment":[{"href":"https:\/\/www.ilmercoledi.news\/ilmercoledi\/news\/wp-json\/wp\/v2\/media?parent=49179"}],"wp:term":[{"taxonomy":"category","embeddable":true,"href":"https:\/\/www.ilmercoledi.news\/ilmercoledi\/news\/wp-json\/wp\/v2\/categories?post=49179"},{"taxonomy":"post_tag","embeddable":true,"href":"https:\/\/www.ilmercoledi.news\/ilmercoledi\/news\/wp-json\/wp\/v2\/tags?post=49179"},{"taxonomy":"news-destination","embeddable":true,"href":"https:\/\/www.ilmercoledi.news\/ilmercoledi\/news\/wp-json\/wp\/v2\/news-destination?post=49179"},{"taxonomy":"news-source","embeddable":true,"href":"https:\/\/www.ilmercoledi.news\/ilmercoledi\/news\/wp-json\/wp\/v2\/news-source?post=49179"},{"taxonomy":"is_homepage","embeddable":true,"href":"https:\/\/www.ilmercoledi.news\/ilmercoledi\/news\/wp-json\/wp\/v2\/is_homepage?post=49179"},{"taxonomy":"ta_other","embeddable":true,"href":"https:\/\/www.ilmercoledi.news\/ilmercoledi\/news\/wp-json\/wp\/v2\/ta_other?post=49179"}],"curies":[{"name":"wp","href":"https:\/\/api.w.org\/{rel}","templated":true}]}}