{"id":49196,"date":"2022-09-15T07:15:08","date_gmt":"2022-09-15T05:15:08","guid":{"rendered":"https:\/\/www-ilmercoledi-news-*.sitenm.com\/?p=49196"},"modified":"2024-08-29T07:00:09","modified_gmt":"2023-11-03T07:00:09","slug":"carignano-una-passeggiata-per-visitare-le-aree-verdi-della-citta","status":"publish","type":"post","link":"https:\/\/www.ilmercoledi.news\/2022\/09\/15\/carignano-una-passeggiata-per-visitare-le-aree-verdi-della-citta\/","title":{"rendered":"CARIGNANO &#8211; Una passeggiata per visitare le aree verdi della citt\u00e0"},"content":{"rendered":"<p>Il gruppo di cittadinanza attiva &#8220;La Citt\u00e0 che Cresce&#8221;, di Carignano, propone per venerd\u00ec 16 settembre una passeggiata comunitaria per esplorare insieme i principali spazi verdi della citt\u00e0, individuandone con i partecipanti le carenze e le potenzialit\u00e0, e provando a immaginare come potrebbero servire ancora meglio alla cittadinanza. L&#8217;appuntamento \u00e8 alle ore 18 davanti alla chiesa di San Remigio, in via San Remigio. Durata prevista della passeggiata circa due ore.<\/p>\n","protected":false},"excerpt":{"rendered":"","protected":false},"author":11,"featured_media":2398,"comment_status":"open","ping_status":"closed","sticky":false,"template":"","format":"standard","meta":[],"categories":[34],"tags":[],"news-destination":[],"news-source":[],"is_homepage":[581],"ta_other":[],"_links":{"self":[{"href":"https:\/\/www.ilmercoledi.news\/ilmercoledi\/news\/wp-json\/wp\/v2\/posts\/49196"}],"collection":[{"href":"https:\/\/www.ilmercoledi.news\/ilmercoledi\/news\/wp-json\/wp\/v2\/posts"}],"about":[{"href":"https:\/\/www.ilmercoledi.news\/ilmercoledi\/news\/wp-json\/wp\/v2\/types\/post"}],"author":[{"embeddable":true,"href":"https:\/\/www.ilmercoledi.news\/ilmercoledi\/news\/wp-json\/wp\/v2\/users\/11"}],"replies":[{"embeddable":true,"href":"https:\/\/www.ilmercoledi.news\/ilmercoledi\/news\/wp-json\/wp\/v2\/comments?post=49196"}],"version-history":[{"count":1,"href":"https:\/\/www.ilmercoledi.news\/ilmercoledi\/news\/wp-json\/wp\/v2\/posts\/49196\/revisions"}],"predecessor-version":[{"id":68770,"href":"https:\/\/www.ilmercoledi.news\/ilmercoledi\/news\/wp-json\/wp\/v2\/posts\/49196\/revisions\/68770"}],"wp:featuredmedia":[{"embeddable":true,"href":"https:\/\/www.ilmercoledi.news\/ilmercoledi\/news\/wp-json\/wp\/v2\/media\/2398"}],"wp:attachment":[{"href":"https:\/\/www.ilmercoledi.news\/ilmercoledi\/news\/wp-json\/wp\/v2\/media?parent=49196"}],"wp:term":[{"taxonomy":"category","embeddable":true,"href":"https:\/\/www.ilmercoledi.news\/ilmercoledi\/news\/wp-json\/wp\/v2\/categories?post=49196"},{"taxonomy":"post_tag","embeddable":true,"href":"https:\/\/www.ilmercoledi.news\/ilmercoledi\/news\/wp-json\/wp\/v2\/tags?post=49196"},{"taxonomy":"news-destination","embeddable":true,"href":"https:\/\/www.ilmercoledi.news\/ilmercoledi\/news\/wp-json\/wp\/v2\/news-destination?post=49196"},{"taxonomy":"news-source","embeddable":true,"href":"https:\/\/www.ilmercoledi.news\/ilmercoledi\/news\/wp-json\/wp\/v2\/news-source?post=49196"},{"taxonomy":"is_homepage","embeddable":true,"href":"https:\/\/www.ilmercoledi.news\/ilmercoledi\/news\/wp-json\/wp\/v2\/is_homepage?post=49196"},{"taxonomy":"ta_other","embeddable":true,"href":"https:\/\/www.ilmercoledi.news\/ilmercoledi\/news\/wp-json\/wp\/v2\/ta_other?post=49196"}],"curies":[{"name":"wp","href":"https:\/\/api.w.org\/{rel}","templated":true}]}}