{"id":49198,"date":"2022-09-15T07:28:10","date_gmt":"2022-09-15T05:28:10","guid":{"rendered":"https:\/\/www-ilmercoledi-news-*.sitenm.com\/?p=49198"},"modified":"2024-08-29T07:00:09","modified_gmt":"2023-11-03T07:00:09","slug":"rifiuti-teknoservice-scrive-al-covar-per-adeguare-prezzi-causa-del-caro-energia","status":"publish","type":"post","link":"https:\/\/www.ilmercoledi.news\/2022\/09\/15\/rifiuti-teknoservice-scrive-al-covar-per-adeguare-prezzi-causa-del-caro-energia\/","title":{"rendered":"RIFIUTI &#8211; Teknoservice scrive al Covar per adeguare i prezzi a causa del caro energia"},"content":{"rendered":"<p>Il caro energia colpisce anche la raccolta rifiuti. Teknoservice, l&#8217;azienda che gestisce il recupero della spazzatura nella maggior parte dei comuni serviti dal consorzio Covar, ha chiesto attraverso una lettera un incontro a breve termine, per discutere di adeguamenti tariffari. La societ\u00e0 lavora con prezzi fermi al 2016 e al netto degli adeguamenti annuali Istat, il tema del caro bollette oggi non pu\u00f2 pi\u00f9 essere affrontato con il quadro economico attuale. Leonardo Di Crescenzo, presidente del Covar, sottolinea che le famiglie non avranno conseguenze: &#8220;Faremo l&#8217;incontro e cercheremo di capire i numeri in ballo. Non c&#8217;\u00e8 alcun aumento in bolletta previsto&#8221;.<\/p>\n","protected":false},"excerpt":{"rendered":"","protected":false},"author":11,"featured_media":42982,"comment_status":"open","ping_status":"closed","sticky":false,"template":"","format":"standard","meta":[],"categories":[34],"tags":[],"news-destination":[],"news-source":[],"is_homepage":[581],"ta_other":[],"_links":{"self":[{"href":"https:\/\/www.ilmercoledi.news\/ilmercoledi\/news\/wp-json\/wp\/v2\/posts\/49198"}],"collection":[{"href":"https:\/\/www.ilmercoledi.news\/ilmercoledi\/news\/wp-json\/wp\/v2\/posts"}],"about":[{"href":"https:\/\/www.ilmercoledi.news\/ilmercoledi\/news\/wp-json\/wp\/v2\/types\/post"}],"author":[{"embeddable":true,"href":"https:\/\/www.ilmercoledi.news\/ilmercoledi\/news\/wp-json\/wp\/v2\/users\/11"}],"replies":[{"embeddable":true,"href":"https:\/\/www.ilmercoledi.news\/ilmercoledi\/news\/wp-json\/wp\/v2\/comments?post=49198"}],"version-history":[{"count":1,"href":"https:\/\/www.ilmercoledi.news\/ilmercoledi\/news\/wp-json\/wp\/v2\/posts\/49198\/revisions"}],"predecessor-version":[{"id":68760,"href":"https:\/\/www.ilmercoledi.news\/ilmercoledi\/news\/wp-json\/wp\/v2\/posts\/49198\/revisions\/68760"}],"wp:featuredmedia":[{"embeddable":true,"href":"https:\/\/www.ilmercoledi.news\/ilmercoledi\/news\/wp-json\/wp\/v2\/media\/42982"}],"wp:attachment":[{"href":"https:\/\/www.ilmercoledi.news\/ilmercoledi\/news\/wp-json\/wp\/v2\/media?parent=49198"}],"wp:term":[{"taxonomy":"category","embeddable":true,"href":"https:\/\/www.ilmercoledi.news\/ilmercoledi\/news\/wp-json\/wp\/v2\/categories?post=49198"},{"taxonomy":"post_tag","embeddable":true,"href":"https:\/\/www.ilmercoledi.news\/ilmercoledi\/news\/wp-json\/wp\/v2\/tags?post=49198"},{"taxonomy":"news-destination","embeddable":true,"href":"https:\/\/www.ilmercoledi.news\/ilmercoledi\/news\/wp-json\/wp\/v2\/news-destination?post=49198"},{"taxonomy":"news-source","embeddable":true,"href":"https:\/\/www.ilmercoledi.news\/ilmercoledi\/news\/wp-json\/wp\/v2\/news-source?post=49198"},{"taxonomy":"is_homepage","embeddable":true,"href":"https:\/\/www.ilmercoledi.news\/ilmercoledi\/news\/wp-json\/wp\/v2\/is_homepage?post=49198"},{"taxonomy":"ta_other","embeddable":true,"href":"https:\/\/www.ilmercoledi.news\/ilmercoledi\/news\/wp-json\/wp\/v2\/ta_other?post=49198"}],"curies":[{"name":"wp","href":"https:\/\/api.w.org\/{rel}","templated":true}]}}