{"id":49206,"date":"2022-09-15T08:24:10","date_gmt":"2022-09-15T06:24:10","guid":{"rendered":"https:\/\/www-ilmercoledi-news-*.sitenm.com\/?p=49206"},"modified":"2024-08-29T07:00:09","modified_gmt":"2023-11-03T07:00:09","slug":"la-ronin-karate-parte-con-la-nuova-stagione","status":"publish","type":"post","link":"https:\/\/www.ilmercoledi.news\/2022\/09\/15\/la-ronin-karate-parte-con-la-nuova-stagione\/","title":{"rendered":"La Ronin Karate parte con la nuova stagione"},"content":{"rendered":"<p>\u201c Dopo questi anni di pandemia in cui praticamente non si \u00e8 riuscito a partecipare a nessuna competizione sportiva, auspichiamo che quella che va ad iniziare sia una stagione per noi densa di impegni\u201d.<br \/>\nCon queste parole cariche di ottimismo la Ronin Karate di Nichelino si appresta a dare inizio alla propria attivit\u00e0 agonistica e non agonistica. Il corso di Karate Shotokan inizier\u00e0 infatti questo luned\u00ec, 19 settembre, con i seguenti orari: luned\u00ec e Mercoled\u00ec dalle 19 alle 20 per i bambini dai 5 ai 12 anni; dalle 20 alle 21 per i ragazzi\/ adulti dai 13 anni in su. \u201cI maestri Sensei Massimo e Aurelio aspettano tutti i bambini, ragazzi e adulti che vorrebbero incominciare questa attivit\u00e0 sportiva ma non solo, perch\u00e9 insegna disciplina, autocontrollo e umilt\u00e0, che poi sono i criteri che questa antica Arte Marziale insegna\u201d.<br \/>\nLa Ronin, associata alla GUMA che vanta allievi in tutto il mondo, ha sempre sede presso la palestra di via Kennedy.<\/p>\n","protected":false},"excerpt":{"rendered":"","protected":false},"author":10,"featured_media":49205,"comment_status":"open","ping_status":"closed","sticky":false,"template":"","format":"standard","meta":[],"categories":[10],"tags":[],"news-destination":[],"news-source":[],"is_homepage":[],"ta_other":[],"_links":{"self":[{"href":"https:\/\/www.ilmercoledi.news\/ilmercoledi\/news\/wp-json\/wp\/v2\/posts\/49206"}],"collection":[{"href":"https:\/\/www.ilmercoledi.news\/ilmercoledi\/news\/wp-json\/wp\/v2\/posts"}],"about":[{"href":"https:\/\/www.ilmercoledi.news\/ilmercoledi\/news\/wp-json\/wp\/v2\/types\/post"}],"author":[{"embeddable":true,"href":"https:\/\/www.ilmercoledi.news\/ilmercoledi\/news\/wp-json\/wp\/v2\/users\/10"}],"replies":[{"embeddable":true,"href":"https:\/\/www.ilmercoledi.news\/ilmercoledi\/news\/wp-json\/wp\/v2\/comments?post=49206"}],"version-history":[{"count":1,"href":"https:\/\/www.ilmercoledi.news\/ilmercoledi\/news\/wp-json\/wp\/v2\/posts\/49206\/revisions"}],"predecessor-version":[{"id":68777,"href":"https:\/\/www.ilmercoledi.news\/ilmercoledi\/news\/wp-json\/wp\/v2\/posts\/49206\/revisions\/68777"}],"wp:featuredmedia":[{"embeddable":true,"href":"https:\/\/www.ilmercoledi.news\/ilmercoledi\/news\/wp-json\/wp\/v2\/media\/49205"}],"wp:attachment":[{"href":"https:\/\/www.ilmercoledi.news\/ilmercoledi\/news\/wp-json\/wp\/v2\/media?parent=49206"}],"wp:term":[{"taxonomy":"category","embeddable":true,"href":"https:\/\/www.ilmercoledi.news\/ilmercoledi\/news\/wp-json\/wp\/v2\/categories?post=49206"},{"taxonomy":"post_tag","embeddable":true,"href":"https:\/\/www.ilmercoledi.news\/ilmercoledi\/news\/wp-json\/wp\/v2\/tags?post=49206"},{"taxonomy":"news-destination","embeddable":true,"href":"https:\/\/www.ilmercoledi.news\/ilmercoledi\/news\/wp-json\/wp\/v2\/news-destination?post=49206"},{"taxonomy":"news-source","embeddable":true,"href":"https:\/\/www.ilmercoledi.news\/ilmercoledi\/news\/wp-json\/wp\/v2\/news-source?post=49206"},{"taxonomy":"is_homepage","embeddable":true,"href":"https:\/\/www.ilmercoledi.news\/ilmercoledi\/news\/wp-json\/wp\/v2\/is_homepage?post=49206"},{"taxonomy":"ta_other","embeddable":true,"href":"https:\/\/www.ilmercoledi.news\/ilmercoledi\/news\/wp-json\/wp\/v2\/ta_other?post=49206"}],"curies":[{"name":"wp","href":"https:\/\/api.w.org\/{rel}","templated":true}]}}