{"id":49212,"date":"2022-09-16T07:13:31","date_gmt":"2022-09-16T05:13:31","guid":{"rendered":"https:\/\/www-ilmercoledi-news-*.sitenm.com\/?p=49212"},"modified":"2024-08-29T07:00:09","modified_gmt":"2023-11-03T07:00:09","slug":"regione-sui-cambiamenti-climatici-parte-il-progetto-mindchangers-people-youth-planet-people","status":"publish","type":"post","link":"https:\/\/www.ilmercoledi.news\/2022\/09\/16\/regione-sui-cambiamenti-climatici-parte-il-progetto-mindchangers-people-youth-planet-people\/","title":{"rendered":"REGIONE &#8211; Sui cambiamenti climatici parte il progetto &#8216;Mindchangers &#8211; People and Youth for Planet and People&#8217;"},"content":{"rendered":"<p>Provocare\u00a0un cambiamento di mentalit\u00e0\u00a0per condividere la responsabilit\u00e0 per un futuro sostenibile e divenire una generazione unica capace di costruire una nuova societ\u00e0 pi\u00f9 accogliente e giusta \u00e8 l\u2019obiettivo che si pone il progetto\u00a0Mindchangers &#8211; People and Youth for Planet and People.<\/p>\n<p>I\u00a0cambiamenti climatici\u00a0e le\u00a0migrazioni\u00a0rappresentano le sfide globali pi\u00f9 urgenti da affrontare, perch\u00e9 coinvolgono direttamente i nostri comportamenti e il nostro benessere. Per avere un impatto positivo su queste due sfide, i giovani rivestono un ruolo chiave nell\u2019innescare e nel guidare il giusto cambiamento.<\/p>\n<p>Mindchangers \u00e8 un progetto\u00a0coordinato dalla Regione Piemonte\u00a0in partenariato con il Consorzio delle Ong piemontesi e altri entit\u00e0 pubbliche e del privato sociale di Francia, Spagna, Belgio, Germania e Romania, con\u00a0il finanziamento del programma DEAR della Commissione europea.<\/p>\n<p>Tutte le attivit\u00e0 di comunicazione di Mindchangers mirano a diffondere\u00a0un messaggio di cooperazione, solidariet\u00e0 e sostenibilit\u00e0\u00a0tramite diversi strumenti.<\/p>\n<p>Il 15 settembre i canali ufficiali del progetto provvederanno al lancio della campagna di sensibilizzazione paneuropea con cui si intende diffondere il messaggio principale\u00a0conoscere &gt; agire &gt; cambiare.\u00a0Insieme alle grafiche a tema su diverse piattaforme sono previste altre attivit\u00e0 collaterali dedicate, tra cui social media contest ed eventi. Queste iniziative saranno propedeutiche a\u00a0\u201cMinchangers Generation\u201d, il grande evento che si terr\u00e0 a\u00a0Torino dal 4 al 6 ottobre, e vedr\u00e0 la partecipazione di\u00a0pi\u00f9 di 100 giovani\u00a0coinvolti dai 54 progetti finanziati attraverso Mindchangers.<\/p>\n<p>La campagna di comunicazione si rivolge ai giovani, ma anche alle autorit\u00e0 locali e alle organizzazioni della societ\u00e0 civile delle sei Regioni europee coinvolte.<\/p>\n","protected":false},"excerpt":{"rendered":"","protected":false},"author":11,"featured_media":47230,"comment_status":"open","ping_status":"closed","sticky":false,"template":"","format":"standard","meta":[],"categories":[34],"tags":[],"news-destination":[],"news-source":[],"is_homepage":[581],"ta_other":[],"_links":{"self":[{"href":"https:\/\/www.ilmercoledi.news\/ilmercoledi\/news\/wp-json\/wp\/v2\/posts\/49212"}],"collection":[{"href":"https:\/\/www.ilmercoledi.news\/ilmercoledi\/news\/wp-json\/wp\/v2\/posts"}],"about":[{"href":"https:\/\/www.ilmercoledi.news\/ilmercoledi\/news\/wp-json\/wp\/v2\/types\/post"}],"author":[{"embeddable":true,"href":"https:\/\/www.ilmercoledi.news\/ilmercoledi\/news\/wp-json\/wp\/v2\/users\/11"}],"replies":[{"embeddable":true,"href":"https:\/\/www.ilmercoledi.news\/ilmercoledi\/news\/wp-json\/wp\/v2\/comments?post=49212"}],"version-history":[{"count":1,"href":"https:\/\/www.ilmercoledi.news\/ilmercoledi\/news\/wp-json\/wp\/v2\/posts\/49212\/revisions"}],"predecessor-version":[{"id":68782,"href":"https:\/\/www.ilmercoledi.news\/ilmercoledi\/news\/wp-json\/wp\/v2\/posts\/49212\/revisions\/68782"}],"wp:featuredmedia":[{"embeddable":true,"href":"https:\/\/www.ilmercoledi.news\/ilmercoledi\/news\/wp-json\/wp\/v2\/media\/47230"}],"wp:attachment":[{"href":"https:\/\/www.ilmercoledi.news\/ilmercoledi\/news\/wp-json\/wp\/v2\/media?parent=49212"}],"wp:term":[{"taxonomy":"category","embeddable":true,"href":"https:\/\/www.ilmercoledi.news\/ilmercoledi\/news\/wp-json\/wp\/v2\/categories?post=49212"},{"taxonomy":"post_tag","embeddable":true,"href":"https:\/\/www.ilmercoledi.news\/ilmercoledi\/news\/wp-json\/wp\/v2\/tags?post=49212"},{"taxonomy":"news-destination","embeddable":true,"href":"https:\/\/www.ilmercoledi.news\/ilmercoledi\/news\/wp-json\/wp\/v2\/news-destination?post=49212"},{"taxonomy":"news-source","embeddable":true,"href":"https:\/\/www.ilmercoledi.news\/ilmercoledi\/news\/wp-json\/wp\/v2\/news-source?post=49212"},{"taxonomy":"is_homepage","embeddable":true,"href":"https:\/\/www.ilmercoledi.news\/ilmercoledi\/news\/wp-json\/wp\/v2\/is_homepage?post=49212"},{"taxonomy":"ta_other","embeddable":true,"href":"https:\/\/www.ilmercoledi.news\/ilmercoledi\/news\/wp-json\/wp\/v2\/ta_other?post=49212"}],"curies":[{"name":"wp","href":"https:\/\/api.w.org\/{rel}","templated":true}]}}