{"id":49237,"date":"2022-09-19T15:02:41","date_gmt":"2022-09-19T13:02:41","guid":{"rendered":"https:\/\/www-ilmercoledi-news-*.sitenm.com\/?p=49237"},"modified":"2024-08-29T07:00:09","modified_gmt":"2023-11-03T07:00:09","slug":"asl-5-presentato-il-nuovo-direttore-del-servizio-delle-dipendenze-serd","status":"publish","type":"post","link":"https:\/\/www.ilmercoledi.news\/2022\/09\/19\/asl-5-presentato-il-nuovo-direttore-del-servizio-delle-dipendenze-serd\/","title":{"rendered":"ASL TO 5 &#8211; Presentato il nuovo direttore del Servizio delle dipendenze Serd"},"content":{"rendered":"<p>Medico, Psichiatra. Psicoterapeuta, Psicoanalista Junghiana, Anna Romano \u00e8 il nuovo direttore della Struttura dipartimentale del Serd dell&#8217;Asl To 5. Torinese, 62 anni, Laureata in Medicina e Chirurgia nel 1987 all\u2019Universit\u00e0 di Torino, ha conseguito la specializzazione in Psicologia clinica con indirizzo Pdi Psicologia e Psicoterapia individuale e di gruppo.<\/p>\n<p>\u201cIl Serd svolge un ruolo di importante presidio sul territorio verso patologie di dipendenza che sono purtroppo in aumento \u2013 afferma il Direttore generale Angelo Pescarmona -. Un servizio di estrema importanza all\u2019interno della struttura di Prevenzione e, per la sua particolarit\u00e0 coinvolto in pi\u00f9 ambiti con un lavoro di multisciplinariet\u00e0 tra vari settori della sanit\u00e0 e del sociale. Un ruolo importante anche nei rapporti con i sindaci e gli assessorati alle politiche sociali e salute. Alla dottoressa Romano e ai suoi collaboratori auguro da parte mia e di tutta la direzione un buon lavoro per il prossimo futuro\u201d.<\/p>\n<p>&nbsp;<\/p>\n","protected":false},"excerpt":{"rendered":"","protected":false},"author":11,"featured_media":49235,"comment_status":"open","ping_status":"closed","sticky":false,"template":"","format":"standard","meta":[],"categories":[34],"tags":[],"news-destination":[],"news-source":[],"is_homepage":[581],"ta_other":[],"_links":{"self":[{"href":"https:\/\/www.ilmercoledi.news\/ilmercoledi\/news\/wp-json\/wp\/v2\/posts\/49237"}],"collection":[{"href":"https:\/\/www.ilmercoledi.news\/ilmercoledi\/news\/wp-json\/wp\/v2\/posts"}],"about":[{"href":"https:\/\/www.ilmercoledi.news\/ilmercoledi\/news\/wp-json\/wp\/v2\/types\/post"}],"author":[{"embeddable":true,"href":"https:\/\/www.ilmercoledi.news\/ilmercoledi\/news\/wp-json\/wp\/v2\/users\/11"}],"replies":[{"embeddable":true,"href":"https:\/\/www.ilmercoledi.news\/ilmercoledi\/news\/wp-json\/wp\/v2\/comments?post=49237"}],"version-history":[{"count":1,"href":"https:\/\/www.ilmercoledi.news\/ilmercoledi\/news\/wp-json\/wp\/v2\/posts\/49237\/revisions"}],"predecessor-version":[{"id":49239,"href":"https:\/\/www.ilmercoledi.news\/ilmercoledi\/news\/wp-json\/wp\/v2\/posts\/49237\/revisions\/49239"}],"wp:featuredmedia":[{"embeddable":true,"href":"https:\/\/www.ilmercoledi.news\/ilmercoledi\/news\/wp-json\/wp\/v2\/media\/49235"}],"wp:attachment":[{"href":"https:\/\/www.ilmercoledi.news\/ilmercoledi\/news\/wp-json\/wp\/v2\/media?parent=49237"}],"wp:term":[{"taxonomy":"category","embeddable":true,"href":"https:\/\/www.ilmercoledi.news\/ilmercoledi\/news\/wp-json\/wp\/v2\/categories?post=49237"},{"taxonomy":"post_tag","embeddable":true,"href":"https:\/\/www.ilmercoledi.news\/ilmercoledi\/news\/wp-json\/wp\/v2\/tags?post=49237"},{"taxonomy":"news-destination","embeddable":true,"href":"https:\/\/www.ilmercoledi.news\/ilmercoledi\/news\/wp-json\/wp\/v2\/news-destination?post=49237"},{"taxonomy":"news-source","embeddable":true,"href":"https:\/\/www.ilmercoledi.news\/ilmercoledi\/news\/wp-json\/wp\/v2\/news-source?post=49237"},{"taxonomy":"is_homepage","embeddable":true,"href":"https:\/\/www.ilmercoledi.news\/ilmercoledi\/news\/wp-json\/wp\/v2\/is_homepage?post=49237"},{"taxonomy":"ta_other","embeddable":true,"href":"https:\/\/www.ilmercoledi.news\/ilmercoledi\/news\/wp-json\/wp\/v2\/ta_other?post=49237"}],"curies":[{"name":"wp","href":"https:\/\/api.w.org\/{rel}","templated":true}]}}