{"id":49377,"date":"2022-09-26T15:48:28","date_gmt":"2022-09-26T13:48:28","guid":{"rendered":"https:\/\/www-ilmercoledi-news-*.sitenm.com\/?p=49377"},"modified":"2024-08-29T07:00:08","modified_gmt":"2023-11-03T07:00:08","slug":"moncalieri-finisce-lestate-culturale-moncalierese-bilancio-positivo","status":"publish","type":"post","link":"https:\/\/www.ilmercoledi.news\/2022\/09\/26\/moncalieri-finisce-lestate-culturale-moncalierese-bilancio-positivo\/","title":{"rendered":"MONCALIERI &#8211; Finisce l\u2019estate culturale moncalierese: bilancio positivo"},"content":{"rendered":"<p>Si \u00e8 chiusa sabato\u00a024,\u00a0con la festa delle biblioteche Sbam l\u2019estate culturale moncalierese: appuntamento finale di un\u2019ampia, qualificata e apprezzata\u00a0offerta tra musica, danza, spettacolo, teatro, circo, magia. E tanto verde: i pi\u00f9 begli angoli naturalistici della citt\u00e0 \u2013 Giardino delle Rose, Parco Vallere,\u00a0Fonderie Teatrali Limone e\u00a0le borgate ai piedi della collina come Revigliasco in primis &#8211; sono ormai da tempo le consolidate location di decine di eventi rientranti nel\u00a0Moncalieri Summer Experience, la rassegna culturale promossa e coordinata dall\u2019Assessorato alla Cultura, in sinergia con l\u2019Ente di gestione delle Aree Protette del Po Piemontese, la\u00a0Pro Loco Moncalieri\u00a0e le associazioni del territorio.\u00a0E nel grande progetto\u00a0Moncalieri Citt\u00e0 nel Verde\u00a0avviato nel 2015.<\/p>\n<p>Molto positivo il bilancio tracciato\u00a0dall\u2019Assessore alla Cultura Laura Pompeo: \u201cAd ogni edizione emerge pi\u00f9 chiaro, in termini di qualit\u00e0 della proposta e gradimento del pubblico, il valore aggiunto del lavoro di rete che portiamo avanti con convinzione da sempre\u00a0\u2013 dichiara soddisfatta Pompeo \u2013\u00a0Un grazie sincero per la collaborazione e la disponibilit\u00e0\u00a0all\u2019Ente Parco, alla ProLoco Moncalieri.\u00a0Senza dimenticare\u00a0tutti gli artisti e gli operatori che\u00a0con le loro proposte hanno riempito di contenuti il nostro cartellone\u201d.\u00a0La linea \u00e8 tracciata da anni, evidenziata nelle linee strategiche dell\u2019asset Moncalieri Citt\u00e0 nel Verde, \u201cvalorizzando al massimo i riconoscimenti ottenuti da Moncalieri nel recente passato. Siamo dal 1997 nella Lista del Patrimonio Culturale dell&#8217;Umanit\u00e0 come Sito seriale delle Residenze Sabaude. La citt\u00e0 rientra inoltre in una vasta fascia antropizzata che \u00e8 riserva di biosfera MaB UNESCO Parco Collina Po dal 2016\u201d.<\/p>\n<p>Ezio Bertello, presidente della Pro Loco Moncalieri, aggiunge:\u00a0\u201cGli appuntamenti culturali che si sono susseguiti all\u2019interno dell\u2019Anfiteatro del Parco Le Vallere sono stati interessanti, piacevoli e caratterizzati sempre dalla partecipazione di un cospicuo pubblico che in base alla tipologia di intrattenimento variava e ci\u00f2 ha fatto s\u00ec che le persone che hanno aderito all\u2019evento siano state nel complesso numerose.\u00a0Il risultato raggiunto in sinergia con l\u2019Assessorato alla Cultura e l\u2019Ente Parco \u00e8 estremamente positivo\u201d.\u00a0Gradito dal pubblico anche il format delle serate alle Vallere, che prevede un breve momento di saluto al pubblico da parte delle guide: \u201cIl pubblico cos\u00ec \u00e8 invogliato a volgere lo sguardo al contesto naturalistico circostante, approfittando delle pause o del dopo spettacolo per informarsi su come funziona il Parco e sulle opportunit\u00e0 che offre\u00a0\u2013 continua Bertello \u2013\u00a0Siamo molto soddisfatti dei risultati raggiunti dal Moncalieri Summer Experience e siamo pronti per i prossimi anni, sempre in sinergia con l\u2019assessore alla Cultura Laura Pompeo e con l\u2019Ente Parco,\u00a0nelle persone del presidente Roberto Saini e del neodirettore Monica Perroni,\u00a0a riproporre e consolidare la rassegna,\u00a0migliorandola sempre, grazie alla coesione dei vari soggetti coinvolti\u201d.<\/p>\n<p>Anche per\u00a0Roberto Saini,\u00a0presidente dell\u2019Ente di gestione delle Aree Protette del Po Piemontese,\u00a0la carta vincente della rassegna \u00e8 la sinergia tra i vari soggetti coinvolti nell\u2019organizzazione: \u201cMoncalieri Summer Experience \u00e8 una proposta di grande importanza per le Vallere\u00a0\u2013\u00a0dichiara &#8211;\u00a0aprendo\u00a0a delle possibilit\u00e0 di utilizzo\u00a0di Parco e Cascina Vallere\u00a0coerente\u00a0con le attivit\u00e0 e funzioni proprie del\u00a0nostro Ente,\u00a0con particolare riferimento alla fruizione sociale e sostenibile\u201d.<\/p>\n","protected":false},"excerpt":{"rendered":"","protected":false},"author":11,"featured_media":48318,"comment_status":"open","ping_status":"closed","sticky":false,"template":"","format":"standard","meta":[],"categories":[34],"tags":[],"news-destination":[],"news-source":[],"is_homepage":[581],"ta_other":[],"_links":{"self":[{"href":"https:\/\/www.ilmercoledi.news\/ilmercoledi\/news\/wp-json\/wp\/v2\/posts\/49377"}],"collection":[{"href":"https:\/\/www.ilmercoledi.news\/ilmercoledi\/news\/wp-json\/wp\/v2\/posts"}],"about":[{"href":"https:\/\/www.ilmercoledi.news\/ilmercoledi\/news\/wp-json\/wp\/v2\/types\/post"}],"author":[{"embeddable":true,"href":"https:\/\/www.ilmercoledi.news\/ilmercoledi\/news\/wp-json\/wp\/v2\/users\/11"}],"replies":[{"embeddable":true,"href":"https:\/\/www.ilmercoledi.news\/ilmercoledi\/news\/wp-json\/wp\/v2\/comments?post=49377"}],"version-history":[{"count":1,"href":"https:\/\/www.ilmercoledi.news\/ilmercoledi\/news\/wp-json\/wp\/v2\/posts\/49377\/revisions"}],"predecessor-version":[{"id":68683,"href":"https:\/\/www.ilmercoledi.news\/ilmercoledi\/news\/wp-json\/wp\/v2\/posts\/49377\/revisions\/68683"}],"wp:featuredmedia":[{"embeddable":true,"href":"https:\/\/www.ilmercoledi.news\/ilmercoledi\/news\/wp-json\/wp\/v2\/media\/48318"}],"wp:attachment":[{"href":"https:\/\/www.ilmercoledi.news\/ilmercoledi\/news\/wp-json\/wp\/v2\/media?parent=49377"}],"wp:term":[{"taxonomy":"category","embeddable":true,"href":"https:\/\/www.ilmercoledi.news\/ilmercoledi\/news\/wp-json\/wp\/v2\/categories?post=49377"},{"taxonomy":"post_tag","embeddable":true,"href":"https:\/\/www.ilmercoledi.news\/ilmercoledi\/news\/wp-json\/wp\/v2\/tags?post=49377"},{"taxonomy":"news-destination","embeddable":true,"href":"https:\/\/www.ilmercoledi.news\/ilmercoledi\/news\/wp-json\/wp\/v2\/news-destination?post=49377"},{"taxonomy":"news-source","embeddable":true,"href":"https:\/\/www.ilmercoledi.news\/ilmercoledi\/news\/wp-json\/wp\/v2\/news-source?post=49377"},{"taxonomy":"is_homepage","embeddable":true,"href":"https:\/\/www.ilmercoledi.news\/ilmercoledi\/news\/wp-json\/wp\/v2\/is_homepage?post=49377"},{"taxonomy":"ta_other","embeddable":true,"href":"https:\/\/www.ilmercoledi.news\/ilmercoledi\/news\/wp-json\/wp\/v2\/ta_other?post=49377"}],"curies":[{"name":"wp","href":"https:\/\/api.w.org\/{rel}","templated":true}]}}