{"id":49411,"date":"2022-09-27T18:12:13","date_gmt":"2022-09-27T16:12:13","guid":{"rendered":"https:\/\/www-ilmercoledi-news-*.sitenm.com\/?p=49411"},"modified":"2024-08-29T07:00:08","modified_gmt":"2023-11-03T07:00:08","slug":"carmagnola-inaugurazione-della-biblioteca-sotto-lalbero","status":"publish","type":"post","link":"https:\/\/www.ilmercoledi.news\/2022\/09\/27\/carmagnola-inaugurazione-della-biblioteca-sotto-lalbero\/","title":{"rendered":"CARMAGNOLA &#8211; Inaugurazione della Biblioteca sotto l&#8217;albero"},"content":{"rendered":"<p align=\"justify\">Sabato 1 ottobre il parco di Cascina Vigna di Carmagnola ospiter\u00e0 una giornata di grande festa per l\u2019inaugurazione della \u201cBiblioteca sotto l\u2019albero\u201d e la festa dei nuovi nati. A partire dalle 10:30 e per tutta la giornata bambini, adulti e famiglie potranno partecipare ad una serie di eventi, ad ingresso libero e gratuito, dedicati alla lettura e al teatro.<\/p>\n<p align=\"justify\">La \u201cBiblioteca sotto l\u2019albero\u201d \u00e8 un nuovo spazio dedicato alla promozione della lettura che fisicamente porta il libro al centro della comunit\u00e0, con l\u2019obiettivo di diffondere il piacere del libro e della lettura tra quante pi\u00f9 persone possibile. La nuova casetta-biblioteca diventer\u00e0 un polo di eventi culturali, all\u2019interno dello splendido scenario del parco di Cascina Vigna, uno dei luoghi pi\u00f9 amati dai carmagnolesi.<\/p>\n<p align=\"justify\">Il progetto \u00e8 stato realizzato dal Comune, con il finanziamento del Centro per il libro e la lettura della Regione Piemonte, in risposta al bando Citt\u00e0 che Legge 2020 del Cepell-Centro per il Libro e la Lettura. Questa iniziativa si pone all\u2019interno di un percorso di promozione culturale che l\u2019Amministrazione porta avanti da alcuni anni nell\u2019ambito del Patto per la Lettura, insieme a 27 soggetti del territorio, tra Enti, associazioni, scuole.<\/p>\n<p align=\"justify\">Il programma di sabato 1 ottobre:<\/p>\n<p align=\"justify\">Ore 10:30 \u2013 Festa dei nuovi nati. Evento dedicato a tutti i bambini nati nel 2021 e alle loro famiglie. L\u2019Amministrazione dona un volume a tutti i nuovi nati, nell\u2019ambito del progetto Nati per leggere, cofinanziato da Compagnia di San Paolo. Il progetto ha l\u2019obiettivo di promuovere la pratica della lettura precoce.<\/p>\n<p align=\"justify\">Ore 15:00 \u2013 \u201cIl cuoco delle emozioni\u201d &#8211; Laboratorio per bambini della scuola dell\u2019infanzia e primaria con Daniele Bergesio. Il cuoco delle emozioni serve piatti molto speciali e prepara ogni giorno una sola pietanza dedicata a una emozione (gioia, disgusto, emozione, tristezza); chi la mangia ride, si sfoga, riflette ed esce dal ristorante migliorato\u2026..<\/p>\n<p align=\"justify\">Ore 17:00 \u2013 Spettacolo teatrale \u201cIl pianeta lo salvo io!\u201d di e con Francesco Giorda. Alla luce dello slogan \u201cLa generazione dei tuoi genitori ha messo a rischio il pianeta. Adesso tocca a te risistemare le cose\u201d, un ingegnoso e divertente manuale rivolto ai ragazzi con il quale un tema di grande attualit\u00e0 si traduce in 101 proposte concrete per la salvaguardia dell\u2019ambiente.<\/p>\n<p align=\"justify\">Ore 21:00 \u2013 Ambra Garavaglia presenta il libro \u201cTutte le famiglie felici\u201d, una storia di fatica, paura e dolore ma anche di crescita, coraggio, speranza e di amore che pu\u00f2 salvare la vita.<\/p>\n<p align=\"justify\">Tutti gli incontri e i laboratori sono ad ingresso libero e gratuito.<\/p>\n<p align=\"justify\">Dichiara il Vicesindaco e Assessore alla Cultura, Alessandro Cammarata: \u201cL\u2019inaugurazione della casetta biblioteca nel parco Cascina Vigna \u00e8 un ulteriore tassello che va ad aggiungersi alle tante iniziative portate avanti in questi anni per promuovere la lettura e l\u2019amore per il libro. Un nuovo luogo della cultura, che non\u00a0sar\u00e0\u00a0solo una \u201cteca\u201d ma un\u00a0luogo vivo, in cui\u00a0le persone potranno partecipare ad attivit\u00e0 e iniziative, diventando protagoniste attive. La casetta sar\u00e0 il punto di riferimento per iniziative dedicate a tutte le et\u00e0: bambini, giovani, adulti perch\u00e9 la cultura \u00e8 patrimonio di tutti\u201d.<\/p>\n","protected":false},"excerpt":{"rendered":"","protected":false},"author":11,"featured_media":17290,"comment_status":"open","ping_status":"closed","sticky":false,"template":"","format":"standard","meta":[],"categories":[34],"tags":[],"news-destination":[],"news-source":[],"is_homepage":[581],"ta_other":[],"_links":{"self":[{"href":"https:\/\/www.ilmercoledi.news\/ilmercoledi\/news\/wp-json\/wp\/v2\/posts\/49411"}],"collection":[{"href":"https:\/\/www.ilmercoledi.news\/ilmercoledi\/news\/wp-json\/wp\/v2\/posts"}],"about":[{"href":"https:\/\/www.ilmercoledi.news\/ilmercoledi\/news\/wp-json\/wp\/v2\/types\/post"}],"author":[{"embeddable":true,"href":"https:\/\/www.ilmercoledi.news\/ilmercoledi\/news\/wp-json\/wp\/v2\/users\/11"}],"replies":[{"embeddable":true,"href":"https:\/\/www.ilmercoledi.news\/ilmercoledi\/news\/wp-json\/wp\/v2\/comments?post=49411"}],"version-history":[{"count":1,"href":"https:\/\/www.ilmercoledi.news\/ilmercoledi\/news\/wp-json\/wp\/v2\/posts\/49411\/revisions"}],"predecessor-version":[{"id":68692,"href":"https:\/\/www.ilmercoledi.news\/ilmercoledi\/news\/wp-json\/wp\/v2\/posts\/49411\/revisions\/68692"}],"wp:featuredmedia":[{"embeddable":true,"href":"https:\/\/www.ilmercoledi.news\/ilmercoledi\/news\/wp-json\/wp\/v2\/media\/17290"}],"wp:attachment":[{"href":"https:\/\/www.ilmercoledi.news\/ilmercoledi\/news\/wp-json\/wp\/v2\/media?parent=49411"}],"wp:term":[{"taxonomy":"category","embeddable":true,"href":"https:\/\/www.ilmercoledi.news\/ilmercoledi\/news\/wp-json\/wp\/v2\/categories?post=49411"},{"taxonomy":"post_tag","embeddable":true,"href":"https:\/\/www.ilmercoledi.news\/ilmercoledi\/news\/wp-json\/wp\/v2\/tags?post=49411"},{"taxonomy":"news-destination","embeddable":true,"href":"https:\/\/www.ilmercoledi.news\/ilmercoledi\/news\/wp-json\/wp\/v2\/news-destination?post=49411"},{"taxonomy":"news-source","embeddable":true,"href":"https:\/\/www.ilmercoledi.news\/ilmercoledi\/news\/wp-json\/wp\/v2\/news-source?post=49411"},{"taxonomy":"is_homepage","embeddable":true,"href":"https:\/\/www.ilmercoledi.news\/ilmercoledi\/news\/wp-json\/wp\/v2\/is_homepage?post=49411"},{"taxonomy":"ta_other","embeddable":true,"href":"https:\/\/www.ilmercoledi.news\/ilmercoledi\/news\/wp-json\/wp\/v2\/ta_other?post=49411"}],"curies":[{"name":"wp","href":"https:\/\/api.w.org\/{rel}","templated":true}]}}