{"id":49474,"date":"2022-09-29T19:32:33","date_gmt":"2022-09-29T17:32:33","guid":{"rendered":"https:\/\/www-ilmercoledi-news-*.sitenm.com\/?p=49474"},"modified":"2024-08-29T07:00:08","modified_gmt":"2023-11-03T07:00:08","slug":"nel-weekend-e-tempo-di-7-country-festival-al-renegade-saloon-di-moncalieri","status":"publish","type":"post","link":"https:\/\/www.ilmercoledi.news\/2022\/09\/29\/nel-weekend-e-tempo-di-7-country-festival-al-renegade-saloon-di-moncalieri\/","title":{"rendered":"Nel weekend \u00e8 tempo di 7\u00b0 Country Festival al Renegade Saloon di Moncalieri"},"content":{"rendered":"<p>Reduce dalla festa per il compimento della maggiore et\u00e0 della settimana scorsa, il Renegade Saloon di Moncalieri si prepara alla settima edizione del suo Country Festival, senza ombra di dubbio il \u00abpi\u00f9 grande evento country del Piemonte\u00bb, cos\u00ec come si ricorda sulla homepage del nuovissimo sito creato ad hoc per l&#8217;occasione (https:\/\/countryfestival.therenegade.it).<\/p>\n<p>Un evento imperdibile per ritrovare amici in arrivo anche da fuori regione per gli aficionados del locale di Via Tetti Sapini 7, il modo migliore per immergersi nella famiglia del country per chi ama la musica per eccellenza di oltreatlantico (ci perdonino gli amanti del blues da cui tutto \u00e8 nato). Da Venerd\u00ec 30 settembre a domenica 2 ottobre al Renegade si potr\u00e0 trovare davvero di tutto legato al country ed al suo mondo. Dalla musica ai cibi, dal merchandising alle bevande dei cowboys. Questo perch\u00e8 oltre alla consueta disponibilit\u00e0 del locale, la \u00abzia\u00bb con gli altri organizzatori, hanno previsto <em>&#8220;bancarelle ricche di oggettistica raffinata a prezzi contenuti&#8221;<\/em>.<\/p>\n<p>Ed a proposito di prezzi l&#8217;ingresso sar\u00e0 libero per permettere davvero a tutti di avvicinarsi a questo mondo fatto di amicizia e note musicali, di mangiate a tavola e di balli di gruppo che lasciano di stucco per le coreografie tutte diverse da un brano all&#8217;altro. <em>&#8220;Solamente per accedere alle sale da ballo e a tutti gli eventi chiederemo un piccolo contributo per avere il braccialetto d\u2019ingresso che si potr\u00e0 prenotare online fino ad esaurimento posti&#8221;<\/em> spiega la \u00abzia\u00bb.<\/p>\n<p>Durante la tre giorni saranno ben dodici i dj che si alterneranno per far sentire e ballare brani storici e novit\u00e0 attualissime mentre saranno cinque i coreografi ad accompagnare gli amanti del ballo nei meandri delle nuove tendenze. <em>&#8220;Vorrei sottolineare che oltre al nostro Teo Lattanzio e Ricky ci saranno tre coreografi internazionali<\/em> &#8211; spiega la \u00abzia\u00bb &#8211;<em>: dalla Spagna Pol F. Ryan, dalla Francia Algaly Fofan\u00e0 e dalla Slovenia David Prestor&#8221;<\/em>.<\/p>\n<p>Oltre a loro, ormai affermati in tutto il continente e non solo, ci potrebbero poi essere i coreografi di domani. Saranno infatti ben due i concorsi legati alle coreografie inedite che potrebbero farsi strada nel futuro prossimo. Per il regolamento vi rimandiamo al sito segnalato in alto.<\/p>\n<p>Non rimane quindi che farsi prendere dal ritmo westner, saltare a cavallo (o qualsiasi altro mezzo) e recarsi al Renegade per gustarsi questa esaltante tre giorni di full immersion nel country. Ay Ay Ay!<\/p>\n<p>(per ulteriori informazioni +39 342 3806393 oppure renegadecountryfestival2022@gmail.com)<\/p>\n","protected":false},"excerpt":{"rendered":"","protected":false},"author":9,"featured_media":49473,"comment_status":"open","ping_status":"closed","sticky":false,"template":"","format":"standard","meta":[],"categories":[9],"tags":[],"news-destination":[],"news-source":[],"is_homepage":[581],"ta_other":[],"_links":{"self":[{"href":"https:\/\/www.ilmercoledi.news\/ilmercoledi\/news\/wp-json\/wp\/v2\/posts\/49474"}],"collection":[{"href":"https:\/\/www.ilmercoledi.news\/ilmercoledi\/news\/wp-json\/wp\/v2\/posts"}],"about":[{"href":"https:\/\/www.ilmercoledi.news\/ilmercoledi\/news\/wp-json\/wp\/v2\/types\/post"}],"author":[{"embeddable":true,"href":"https:\/\/www.ilmercoledi.news\/ilmercoledi\/news\/wp-json\/wp\/v2\/users\/9"}],"replies":[{"embeddable":true,"href":"https:\/\/www.ilmercoledi.news\/ilmercoledi\/news\/wp-json\/wp\/v2\/comments?post=49474"}],"version-history":[{"count":1,"href":"https:\/\/www.ilmercoledi.news\/ilmercoledi\/news\/wp-json\/wp\/v2\/posts\/49474\/revisions"}],"predecessor-version":[{"id":49475,"href":"https:\/\/www.ilmercoledi.news\/ilmercoledi\/news\/wp-json\/wp\/v2\/posts\/49474\/revisions\/49475"}],"wp:featuredmedia":[{"embeddable":true,"href":"https:\/\/www.ilmercoledi.news\/ilmercoledi\/news\/wp-json\/wp\/v2\/media\/49473"}],"wp:attachment":[{"href":"https:\/\/www.ilmercoledi.news\/ilmercoledi\/news\/wp-json\/wp\/v2\/media?parent=49474"}],"wp:term":[{"taxonomy":"category","embeddable":true,"href":"https:\/\/www.ilmercoledi.news\/ilmercoledi\/news\/wp-json\/wp\/v2\/categories?post=49474"},{"taxonomy":"post_tag","embeddable":true,"href":"https:\/\/www.ilmercoledi.news\/ilmercoledi\/news\/wp-json\/wp\/v2\/tags?post=49474"},{"taxonomy":"news-destination","embeddable":true,"href":"https:\/\/www.ilmercoledi.news\/ilmercoledi\/news\/wp-json\/wp\/v2\/news-destination?post=49474"},{"taxonomy":"news-source","embeddable":true,"href":"https:\/\/www.ilmercoledi.news\/ilmercoledi\/news\/wp-json\/wp\/v2\/news-source?post=49474"},{"taxonomy":"is_homepage","embeddable":true,"href":"https:\/\/www.ilmercoledi.news\/ilmercoledi\/news\/wp-json\/wp\/v2\/is_homepage?post=49474"},{"taxonomy":"ta_other","embeddable":true,"href":"https:\/\/www.ilmercoledi.news\/ilmercoledi\/news\/wp-json\/wp\/v2\/ta_other?post=49474"}],"curies":[{"name":"wp","href":"https:\/\/api.w.org\/{rel}","templated":true}]}}