{"id":49507,"date":"2022-10-03T15:31:23","date_gmt":"2022-10-03T13:31:23","guid":{"rendered":"https:\/\/www-ilmercoledi-news-*.sitenm.com\/?p=49507"},"modified":"2024-08-29T07:00:08","modified_gmt":"2023-11-03T07:00:08","slug":"nichelino-incontro-pubblico-per-la-nuova-casa-delle-associazioni","status":"publish","type":"post","link":"https:\/\/www.ilmercoledi.news\/2022\/10\/03\/nichelino-incontro-pubblico-per-la-nuova-casa-delle-associazioni\/","title":{"rendered":"NICHELINO &#8211; Incontro pubblico per la nuova casa delle associazioni"},"content":{"rendered":"<p>Marted\u00ec 4 ottobre alle 18.30 nei locali del Centro Sociale Nicola Grosa (via Galimberti, 3) a Nichelino, Associazioni e Cittadini sono invitati a partecipare attivamente (con proposte e idee) ai primi step di progettazione partecipata per la realizzazione della Casa delle Associazioni San Quirico.<\/p>\n<p>Il Progetto \u201cCasa delle Associazioni San Quirico\u201d ha ottenuto il finanziamento da Fondazione Compagnia di San Paolo e prevede la redazione di uno studio di fattibilit\u00e0 tecnica per un intervento di rigenerazione urbana riguardante l\u2019antica cascina di San Quirico della Citt\u00e0 di Nichelino con la realizzazione di una struttura polifunzionale idonea quale nuova sede per le Associazioni e di offerta di attivit\u00e0 e servizi per la cittadinanza. La progettazione tecnica avverr\u00e0 in modalit\u00e0 \u201cpartecipata\u201d. Saranno presenti l\u2019Amministrazione cittadina, lo Studio di Progettazione e gli uffici comunali coinvolti.<\/p>\n","protected":false},"excerpt":{"rendered":"","protected":false},"author":11,"featured_media":17287,"comment_status":"open","ping_status":"closed","sticky":false,"template":"","format":"standard","meta":[],"categories":[34],"tags":[],"news-destination":[],"news-source":[],"is_homepage":[581],"ta_other":[],"_links":{"self":[{"href":"https:\/\/www.ilmercoledi.news\/ilmercoledi\/news\/wp-json\/wp\/v2\/posts\/49507"}],"collection":[{"href":"https:\/\/www.ilmercoledi.news\/ilmercoledi\/news\/wp-json\/wp\/v2\/posts"}],"about":[{"href":"https:\/\/www.ilmercoledi.news\/ilmercoledi\/news\/wp-json\/wp\/v2\/types\/post"}],"author":[{"embeddable":true,"href":"https:\/\/www.ilmercoledi.news\/ilmercoledi\/news\/wp-json\/wp\/v2\/users\/11"}],"replies":[{"embeddable":true,"href":"https:\/\/www.ilmercoledi.news\/ilmercoledi\/news\/wp-json\/wp\/v2\/comments?post=49507"}],"version-history":[{"count":1,"href":"https:\/\/www.ilmercoledi.news\/ilmercoledi\/news\/wp-json\/wp\/v2\/posts\/49507\/revisions"}],"predecessor-version":[{"id":68743,"href":"https:\/\/www.ilmercoledi.news\/ilmercoledi\/news\/wp-json\/wp\/v2\/posts\/49507\/revisions\/68743"}],"wp:featuredmedia":[{"embeddable":true,"href":"https:\/\/www.ilmercoledi.news\/ilmercoledi\/news\/wp-json\/wp\/v2\/media\/17287"}],"wp:attachment":[{"href":"https:\/\/www.ilmercoledi.news\/ilmercoledi\/news\/wp-json\/wp\/v2\/media?parent=49507"}],"wp:term":[{"taxonomy":"category","embeddable":true,"href":"https:\/\/www.ilmercoledi.news\/ilmercoledi\/news\/wp-json\/wp\/v2\/categories?post=49507"},{"taxonomy":"post_tag","embeddable":true,"href":"https:\/\/www.ilmercoledi.news\/ilmercoledi\/news\/wp-json\/wp\/v2\/tags?post=49507"},{"taxonomy":"news-destination","embeddable":true,"href":"https:\/\/www.ilmercoledi.news\/ilmercoledi\/news\/wp-json\/wp\/v2\/news-destination?post=49507"},{"taxonomy":"news-source","embeddable":true,"href":"https:\/\/www.ilmercoledi.news\/ilmercoledi\/news\/wp-json\/wp\/v2\/news-source?post=49507"},{"taxonomy":"is_homepage","embeddable":true,"href":"https:\/\/www.ilmercoledi.news\/ilmercoledi\/news\/wp-json\/wp\/v2\/is_homepage?post=49507"},{"taxonomy":"ta_other","embeddable":true,"href":"https:\/\/www.ilmercoledi.news\/ilmercoledi\/news\/wp-json\/wp\/v2\/ta_other?post=49507"}],"curies":[{"name":"wp","href":"https:\/\/api.w.org\/{rel}","templated":true}]}}