{"id":49525,"date":"2022-10-04T16:49:36","date_gmt":"2022-10-04T14:49:36","guid":{"rendered":"https:\/\/www-ilmercoledi-news-*.sitenm.com\/?p=49525"},"modified":"2024-08-29T07:00:07","modified_gmt":"2023-11-03T07:00:07","slug":"moncalieri-le-mele-di-campagna-amica-ai-nonni-di-casa-vitrotti","status":"publish","type":"post","link":"https:\/\/www.ilmercoledi.news\/2022\/10\/04\/moncalieri-le-mele-di-campagna-amica-ai-nonni-di-casa-vitrotti\/","title":{"rendered":"MONCALIERI &#8211; Le mele di Campagna amica ai nonni di casa Vitrotti"},"content":{"rendered":"<p>In occasione della festa dei Nonni la Citt\u00e0 di Moncalieri in collaborazione con Coldiretti Torino ha donato delle mele provenienti da aziende agricole di campagna Amica ai nonni di Moncalieri.<\/p>\n<p>La consegna \u00e8 avvenuta presso Casa Vitrotti al numero 5 di Viale della Stazione e saranno distribuite a tutti i 4 circoli degli anziani presenti nelle borgate moncalieresi. Al momento della donazione l\u2019assessore all\u2019agricoltura Giuseppe Messina sottolinea: \u201cl\u2019omaggio di mele a filiera corta ai residenti di casa Vitrotti \u00e8 un gesto simbolico per ribadire l\u2019importanza dei nonni nel tessuto sociale moncalierese ma \u00e8 anche un invito a valorizzare e consumare i prodotti locali pi\u00f9 salutari e pi\u00f9 sostenibili\u201d.<\/p>\n<p>Anche l\u2019Assessore alle Politiche sociali Silvia Di Crescenzo dichiara che \u201cLe attivit\u00e0 promosse da questa collaborazione hanno sempre avuto un risvolto sociale importante volto a dare un messaggio di solidariet\u00e0 e senso di comunit\u00e0 ai cittadini moncalieresi. Questo \u00e8 stato fortemente voluto infatti in quanto la sostenibilit\u00e0 e la rigenerazione dei modelli di sviluppo urbano non possono prescindere dai temi sociali\u201d.<\/p>\n<p>Nel tempo, sono state realizzate numerose iniziative di promozione della filiera locale, della sostenibilit\u00e0 sociale, ambientale ed economica, attivit\u00e0 di sensibilizzazione della cittadinanza sulle buone pratiche di produzione e consumo e diffusione della conoscenza del mondo agricolo e dei prodotti agricoli locali. Sul territorio di Moncalieri, in questi anni, sono stati sperimentati nuovi modelli di rete multisettoriali, multilivello e innovative, nella logica dell\u2019innovazione sociale, facendo incontrare soggetti diversi quali: imprese agricole e agroalimentari, associazioni e cooperative attive nella promozione del welfare, funzionari, istituzioni locali, universit\u00e0.<\/p>\n<p>L\u2019attivit\u00e0 si inserisce all\u2019interno del progetto &#8220;Che Cavoli&#8221; con l\u2019obiettivo di rafforzare la gi\u00e0 solida cooperazione tra Coldiretti e la Citt\u00e0 di Moncalieri, in onore all&#8217;Accordo Quadro sottoscritto nel 2019. Sull&#8217;onda delle grandi difficolt\u00e0 generate dalla crisi sanitaria, economica ed energetica, tra gli obiettivi che hanno sempre accompagnato la collaborazione, ci sono stati la valorizzazione delle risorse naturali, economiche e sociali esistenti, l\u2019incentivazione delle pratiche di riduzione degli sprechi e di riuso dei rifiuti e la sensibilizzazione della popolazione locale, promuovendo la loro partecipazione attiva attraverso pratiche quotidiane di scelte sostenibili.<\/p>\n","protected":false},"excerpt":{"rendered":"","protected":false},"author":11,"featured_media":49524,"comment_status":"open","ping_status":"closed","sticky":false,"template":"","format":"standard","meta":[],"categories":[34],"tags":[],"news-destination":[],"news-source":[],"is_homepage":[581],"ta_other":[],"_links":{"self":[{"href":"https:\/\/www.ilmercoledi.news\/ilmercoledi\/news\/wp-json\/wp\/v2\/posts\/49525"}],"collection":[{"href":"https:\/\/www.ilmercoledi.news\/ilmercoledi\/news\/wp-json\/wp\/v2\/posts"}],"about":[{"href":"https:\/\/www.ilmercoledi.news\/ilmercoledi\/news\/wp-json\/wp\/v2\/types\/post"}],"author":[{"embeddable":true,"href":"https:\/\/www.ilmercoledi.news\/ilmercoledi\/news\/wp-json\/wp\/v2\/users\/11"}],"replies":[{"embeddable":true,"href":"https:\/\/www.ilmercoledi.news\/ilmercoledi\/news\/wp-json\/wp\/v2\/comments?post=49525"}],"version-history":[{"count":1,"href":"https:\/\/www.ilmercoledi.news\/ilmercoledi\/news\/wp-json\/wp\/v2\/posts\/49525\/revisions"}],"predecessor-version":[{"id":68654,"href":"https:\/\/www.ilmercoledi.news\/ilmercoledi\/news\/wp-json\/wp\/v2\/posts\/49525\/revisions\/68654"}],"wp:featuredmedia":[{"embeddable":true,"href":"https:\/\/www.ilmercoledi.news\/ilmercoledi\/news\/wp-json\/wp\/v2\/media\/49524"}],"wp:attachment":[{"href":"https:\/\/www.ilmercoledi.news\/ilmercoledi\/news\/wp-json\/wp\/v2\/media?parent=49525"}],"wp:term":[{"taxonomy":"category","embeddable":true,"href":"https:\/\/www.ilmercoledi.news\/ilmercoledi\/news\/wp-json\/wp\/v2\/categories?post=49525"},{"taxonomy":"post_tag","embeddable":true,"href":"https:\/\/www.ilmercoledi.news\/ilmercoledi\/news\/wp-json\/wp\/v2\/tags?post=49525"},{"taxonomy":"news-destination","embeddable":true,"href":"https:\/\/www.ilmercoledi.news\/ilmercoledi\/news\/wp-json\/wp\/v2\/news-destination?post=49525"},{"taxonomy":"news-source","embeddable":true,"href":"https:\/\/www.ilmercoledi.news\/ilmercoledi\/news\/wp-json\/wp\/v2\/news-source?post=49525"},{"taxonomy":"is_homepage","embeddable":true,"href":"https:\/\/www.ilmercoledi.news\/ilmercoledi\/news\/wp-json\/wp\/v2\/is_homepage?post=49525"},{"taxonomy":"ta_other","embeddable":true,"href":"https:\/\/www.ilmercoledi.news\/ilmercoledi\/news\/wp-json\/wp\/v2\/ta_other?post=49525"}],"curies":[{"name":"wp","href":"https:\/\/api.w.org\/{rel}","templated":true}]}}