{"id":49542,"date":"2022-10-05T07:00:01","date_gmt":"2022-10-05T05:00:01","guid":{"rendered":"https:\/\/www-ilmercoledi-news-*.sitenm.com\/?p=49542"},"modified":"2024-08-29T07:00:07","modified_gmt":"2023-11-03T07:00:07","slug":"viabilita-chiuso-per-due-mesi-il-sottopasso-del-lingotto","status":"publish","type":"post","link":"https:\/\/www.ilmercoledi.news\/2022\/10\/05\/viabilita-chiuso-per-due-mesi-il-sottopasso-del-lingotto\/","title":{"rendered":"VIABILITA&#8217; &#8211; Chiuso per due mesi il sottopasso del Lingotto"},"content":{"rendered":"<p>Rester\u00e0 chiuso circa due mesi (nuovamente) il sottopasso del Lingotto per effettuare lavori di manutenzione e messa a norma del tunnel, vittima di infiltrazioni che ne stanno danneggiando le parti strutturali. Negli ultimi cinque anni il sottopasso \u00e8 stato chiuso otto volte, anche per lavori legati al grattacielo della Regione. Non sar\u00e0 una chiusura completa: durante il primo mese di interventi il sottopasso sar\u00e0 interdetto in una sola direzione, da corso Giambone verso corso Unit\u00e0 d\u2019Italia; il secondo mese, poi, sar\u00e0 chiuso in direzione opposta. Le date dello stop sono ancora da definire, ma certamente si partir\u00e0 con i lavori entro il mese.<\/p>\n","protected":false},"excerpt":{"rendered":"","protected":false},"author":11,"featured_media":3157,"comment_status":"open","ping_status":"closed","sticky":false,"template":"","format":"standard","meta":[],"categories":[34],"tags":[],"news-destination":[],"news-source":[],"is_homepage":[581],"ta_other":[],"_links":{"self":[{"href":"https:\/\/www.ilmercoledi.news\/ilmercoledi\/news\/wp-json\/wp\/v2\/posts\/49542"}],"collection":[{"href":"https:\/\/www.ilmercoledi.news\/ilmercoledi\/news\/wp-json\/wp\/v2\/posts"}],"about":[{"href":"https:\/\/www.ilmercoledi.news\/ilmercoledi\/news\/wp-json\/wp\/v2\/types\/post"}],"author":[{"embeddable":true,"href":"https:\/\/www.ilmercoledi.news\/ilmercoledi\/news\/wp-json\/wp\/v2\/users\/11"}],"replies":[{"embeddable":true,"href":"https:\/\/www.ilmercoledi.news\/ilmercoledi\/news\/wp-json\/wp\/v2\/comments?post=49542"}],"version-history":[{"count":1,"href":"https:\/\/www.ilmercoledi.news\/ilmercoledi\/news\/wp-json\/wp\/v2\/posts\/49542\/revisions"}],"predecessor-version":[{"id":68656,"href":"https:\/\/www.ilmercoledi.news\/ilmercoledi\/news\/wp-json\/wp\/v2\/posts\/49542\/revisions\/68656"}],"wp:featuredmedia":[{"embeddable":true,"href":"https:\/\/www.ilmercoledi.news\/ilmercoledi\/news\/wp-json\/wp\/v2\/media\/3157"}],"wp:attachment":[{"href":"https:\/\/www.ilmercoledi.news\/ilmercoledi\/news\/wp-json\/wp\/v2\/media?parent=49542"}],"wp:term":[{"taxonomy":"category","embeddable":true,"href":"https:\/\/www.ilmercoledi.news\/ilmercoledi\/news\/wp-json\/wp\/v2\/categories?post=49542"},{"taxonomy":"post_tag","embeddable":true,"href":"https:\/\/www.ilmercoledi.news\/ilmercoledi\/news\/wp-json\/wp\/v2\/tags?post=49542"},{"taxonomy":"news-destination","embeddable":true,"href":"https:\/\/www.ilmercoledi.news\/ilmercoledi\/news\/wp-json\/wp\/v2\/news-destination?post=49542"},{"taxonomy":"news-source","embeddable":true,"href":"https:\/\/www.ilmercoledi.news\/ilmercoledi\/news\/wp-json\/wp\/v2\/news-source?post=49542"},{"taxonomy":"is_homepage","embeddable":true,"href":"https:\/\/www.ilmercoledi.news\/ilmercoledi\/news\/wp-json\/wp\/v2\/is_homepage?post=49542"},{"taxonomy":"ta_other","embeddable":true,"href":"https:\/\/www.ilmercoledi.news\/ilmercoledi\/news\/wp-json\/wp\/v2\/ta_other?post=49542"}],"curies":[{"name":"wp","href":"https:\/\/api.w.org\/{rel}","templated":true}]}}