{"id":49549,"date":"2022-10-05T07:18:57","date_gmt":"2022-10-05T05:18:57","guid":{"rendered":"https:\/\/www-ilmercoledi-news-*.sitenm.com\/?p=49549"},"modified":"2024-08-29T07:00:07","modified_gmt":"2023-11-03T07:00:07","slug":"trasporti-cambiano-gli-orari-della-tratta-piobesi-la-loggia-moncalieri","status":"publish","type":"post","link":"https:\/\/www.ilmercoledi.news\/2022\/10\/05\/trasporti-cambiano-gli-orari-della-tratta-piobesi-la-loggia-moncalieri\/","title":{"rendered":"TRASPORTI &#8211; Cambiano gli orari della tratta Piobesi-La Loggia-Moncalieri"},"content":{"rendered":"<p>Cambiano i collegamenti con i trasporti pubblici extraurbani Piobesi, La Loggia, Moncalieri. A partire da questa settimana sono state soppresse le corse in partenza, il luned\u00ec e il gioved\u00ec, alle ore 12,24 da Piobesi e 13,10 da Moncalieri. Sono state istituite nelle sole giornate del mercoled\u00ec e del gioved\u00ec, delle corse in partenza alle 15,54 da Piobesi e 16,40 da Moncalieri.<\/p>\n","protected":false},"excerpt":{"rendered":"","protected":false},"author":11,"featured_media":12049,"comment_status":"open","ping_status":"closed","sticky":false,"template":"","format":"standard","meta":[],"categories":[34],"tags":[],"news-destination":[],"news-source":[],"is_homepage":[581],"ta_other":[],"_links":{"self":[{"href":"https:\/\/www.ilmercoledi.news\/ilmercoledi\/news\/wp-json\/wp\/v2\/posts\/49549"}],"collection":[{"href":"https:\/\/www.ilmercoledi.news\/ilmercoledi\/news\/wp-json\/wp\/v2\/posts"}],"about":[{"href":"https:\/\/www.ilmercoledi.news\/ilmercoledi\/news\/wp-json\/wp\/v2\/types\/post"}],"author":[{"embeddable":true,"href":"https:\/\/www.ilmercoledi.news\/ilmercoledi\/news\/wp-json\/wp\/v2\/users\/11"}],"replies":[{"embeddable":true,"href":"https:\/\/www.ilmercoledi.news\/ilmercoledi\/news\/wp-json\/wp\/v2\/comments?post=49549"}],"version-history":[{"count":1,"href":"https:\/\/www.ilmercoledi.news\/ilmercoledi\/news\/wp-json\/wp\/v2\/posts\/49549\/revisions"}],"predecessor-version":[{"id":68672,"href":"https:\/\/www.ilmercoledi.news\/ilmercoledi\/news\/wp-json\/wp\/v2\/posts\/49549\/revisions\/68672"}],"wp:featuredmedia":[{"embeddable":true,"href":"https:\/\/www.ilmercoledi.news\/ilmercoledi\/news\/wp-json\/wp\/v2\/media\/12049"}],"wp:attachment":[{"href":"https:\/\/www.ilmercoledi.news\/ilmercoledi\/news\/wp-json\/wp\/v2\/media?parent=49549"}],"wp:term":[{"taxonomy":"category","embeddable":true,"href":"https:\/\/www.ilmercoledi.news\/ilmercoledi\/news\/wp-json\/wp\/v2\/categories?post=49549"},{"taxonomy":"post_tag","embeddable":true,"href":"https:\/\/www.ilmercoledi.news\/ilmercoledi\/news\/wp-json\/wp\/v2\/tags?post=49549"},{"taxonomy":"news-destination","embeddable":true,"href":"https:\/\/www.ilmercoledi.news\/ilmercoledi\/news\/wp-json\/wp\/v2\/news-destination?post=49549"},{"taxonomy":"news-source","embeddable":true,"href":"https:\/\/www.ilmercoledi.news\/ilmercoledi\/news\/wp-json\/wp\/v2\/news-source?post=49549"},{"taxonomy":"is_homepage","embeddable":true,"href":"https:\/\/www.ilmercoledi.news\/ilmercoledi\/news\/wp-json\/wp\/v2\/is_homepage?post=49549"},{"taxonomy":"ta_other","embeddable":true,"href":"https:\/\/www.ilmercoledi.news\/ilmercoledi\/news\/wp-json\/wp\/v2\/ta_other?post=49549"}],"curies":[{"name":"wp","href":"https:\/\/api.w.org\/{rel}","templated":true}]}}