{"id":49610,"date":"2022-10-10T07:39:15","date_gmt":"2022-10-10T05:39:15","guid":{"rendered":"https:\/\/www-ilmercoledi-news-*.sitenm.com\/?p=49610"},"modified":"2024-08-29T07:00:06","modified_gmt":"2023-11-03T07:00:06","slug":"chierese-incentivi-allimprenditorialita-giovanile","status":"publish","type":"post","link":"https:\/\/www.ilmercoledi.news\/2022\/10\/10\/chierese-incentivi-allimprenditorialita-giovanile\/","title":{"rendered":"CHIERESE &#8211; Incentivi all&#8217;imprenditorialit\u00e0 giovanile"},"content":{"rendered":"<p>La FCC &#8211; Fondazione della Comunit\u00e0 Chierese ha intrapreso un percorso di valorizzazione della componente giovanile del territorio, comprendente anche i Comuni di Poirino, Pecetto, Villastellone e Santena. Con il secondo bando la Fondazione intende continuare a sostenere idee e incentivare l\u2019imprenditorialit\u00e0 locale giovanile proprio per promuoverne il protagonismo e dare spazio all&#8217;innovazione non solo in termini culturali e sociali, ma anche economici. Il bando CHIERUP \u00e8 un percorso di mentoring e supporto all\u2019avvio di idee progettuali provenienti da giovani innovatori.<\/p>\n<p>Il Bando verr\u00e0 presentato venerd\u00ec 14 ottobre alle 17,30 a Villa Simeon in Corso Vittorio Emanuele II, 12 ad Andezeno. Per confermare la partecipazione \u00e8 possibile scrivere a info@fondazionecomunitachierese.it<\/p>\n<p>&nbsp;<\/p>\n<p>&nbsp;<\/p>\n","protected":false},"excerpt":{"rendered":"","protected":false},"author":11,"featured_media":39391,"comment_status":"open","ping_status":"closed","sticky":false,"template":"","format":"standard","meta":[],"categories":[34],"tags":[],"news-destination":[],"news-source":[],"is_homepage":[581],"ta_other":[],"_links":{"self":[{"href":"https:\/\/www.ilmercoledi.news\/ilmercoledi\/news\/wp-json\/wp\/v2\/posts\/49610"}],"collection":[{"href":"https:\/\/www.ilmercoledi.news\/ilmercoledi\/news\/wp-json\/wp\/v2\/posts"}],"about":[{"href":"https:\/\/www.ilmercoledi.news\/ilmercoledi\/news\/wp-json\/wp\/v2\/types\/post"}],"author":[{"embeddable":true,"href":"https:\/\/www.ilmercoledi.news\/ilmercoledi\/news\/wp-json\/wp\/v2\/users\/11"}],"replies":[{"embeddable":true,"href":"https:\/\/www.ilmercoledi.news\/ilmercoledi\/news\/wp-json\/wp\/v2\/comments?post=49610"}],"version-history":[{"count":1,"href":"https:\/\/www.ilmercoledi.news\/ilmercoledi\/news\/wp-json\/wp\/v2\/posts\/49610\/revisions"}],"predecessor-version":[{"id":68578,"href":"https:\/\/www.ilmercoledi.news\/ilmercoledi\/news\/wp-json\/wp\/v2\/posts\/49610\/revisions\/68578"}],"wp:featuredmedia":[{"embeddable":true,"href":"https:\/\/www.ilmercoledi.news\/ilmercoledi\/news\/wp-json\/wp\/v2\/media\/39391"}],"wp:attachment":[{"href":"https:\/\/www.ilmercoledi.news\/ilmercoledi\/news\/wp-json\/wp\/v2\/media?parent=49610"}],"wp:term":[{"taxonomy":"category","embeddable":true,"href":"https:\/\/www.ilmercoledi.news\/ilmercoledi\/news\/wp-json\/wp\/v2\/categories?post=49610"},{"taxonomy":"post_tag","embeddable":true,"href":"https:\/\/www.ilmercoledi.news\/ilmercoledi\/news\/wp-json\/wp\/v2\/tags?post=49610"},{"taxonomy":"news-destination","embeddable":true,"href":"https:\/\/www.ilmercoledi.news\/ilmercoledi\/news\/wp-json\/wp\/v2\/news-destination?post=49610"},{"taxonomy":"news-source","embeddable":true,"href":"https:\/\/www.ilmercoledi.news\/ilmercoledi\/news\/wp-json\/wp\/v2\/news-source?post=49610"},{"taxonomy":"is_homepage","embeddable":true,"href":"https:\/\/www.ilmercoledi.news\/ilmercoledi\/news\/wp-json\/wp\/v2\/is_homepage?post=49610"},{"taxonomy":"ta_other","embeddable":true,"href":"https:\/\/www.ilmercoledi.news\/ilmercoledi\/news\/wp-json\/wp\/v2\/ta_other?post=49610"}],"curies":[{"name":"wp","href":"https:\/\/api.w.org\/{rel}","templated":true}]}}