{"id":49638,"date":"2022-10-11T12:53:05","date_gmt":"2022-10-11T10:53:05","guid":{"rendered":"https:\/\/www-ilmercoledi-news-*.sitenm.com\/?p=49638"},"modified":"2024-08-29T07:00:06","modified_gmt":"2023-11-03T07:00:06","slug":"carmagnola-muore-casa-per-fumi-di-un-piccolo-incendio","status":"publish","type":"post","link":"https:\/\/www.ilmercoledi.news\/2022\/10\/11\/carmagnola-muore-casa-per-fumi-di-un-piccolo-incendio\/","title":{"rendered":"CARMAGNOLA &#8211; Muore in casa per i fumi di un piccolo incendio"},"content":{"rendered":"<p>Tragedia questa mattina in un appartamento di Carmagnola in via Alberti 14. Una pensionata di 86 anni \u00e8 morta nel sonno per aver respirato i fumi di un piccolo incendio, che si \u00e8 scatenato nella stanza dove stava riposando. La casa si \u00e8 completamente intasata e la donna \u00e8 deceduta per asfissia. Quando sono giunti i soccorsi non \u00e8 stato possibile fare altro che constatare l&#8217;accaduto. L&#8217;incendio potrebbe essere stato scatenato dalla stufa e da una scintilla che potrebbe aver colpito un tessuto vicino all&#8217;elettrodomestico.<\/p>\n","protected":false},"excerpt":{"rendered":"","protected":false},"author":11,"featured_media":34165,"comment_status":"open","ping_status":"closed","sticky":false,"template":"","format":"standard","meta":[],"categories":[34],"tags":[],"news-destination":[],"news-source":[],"is_homepage":[581],"ta_other":[],"_links":{"self":[{"href":"https:\/\/www.ilmercoledi.news\/ilmercoledi\/news\/wp-json\/wp\/v2\/posts\/49638"}],"collection":[{"href":"https:\/\/www.ilmercoledi.news\/ilmercoledi\/news\/wp-json\/wp\/v2\/posts"}],"about":[{"href":"https:\/\/www.ilmercoledi.news\/ilmercoledi\/news\/wp-json\/wp\/v2\/types\/post"}],"author":[{"embeddable":true,"href":"https:\/\/www.ilmercoledi.news\/ilmercoledi\/news\/wp-json\/wp\/v2\/users\/11"}],"replies":[{"embeddable":true,"href":"https:\/\/www.ilmercoledi.news\/ilmercoledi\/news\/wp-json\/wp\/v2\/comments?post=49638"}],"version-history":[{"count":1,"href":"https:\/\/www.ilmercoledi.news\/ilmercoledi\/news\/wp-json\/wp\/v2\/posts\/49638\/revisions"}],"predecessor-version":[{"id":68608,"href":"https:\/\/www.ilmercoledi.news\/ilmercoledi\/news\/wp-json\/wp\/v2\/posts\/49638\/revisions\/68608"}],"wp:featuredmedia":[{"embeddable":true,"href":"https:\/\/www.ilmercoledi.news\/ilmercoledi\/news\/wp-json\/wp\/v2\/media\/34165"}],"wp:attachment":[{"href":"https:\/\/www.ilmercoledi.news\/ilmercoledi\/news\/wp-json\/wp\/v2\/media?parent=49638"}],"wp:term":[{"taxonomy":"category","embeddable":true,"href":"https:\/\/www.ilmercoledi.news\/ilmercoledi\/news\/wp-json\/wp\/v2\/categories?post=49638"},{"taxonomy":"post_tag","embeddable":true,"href":"https:\/\/www.ilmercoledi.news\/ilmercoledi\/news\/wp-json\/wp\/v2\/tags?post=49638"},{"taxonomy":"news-destination","embeddable":true,"href":"https:\/\/www.ilmercoledi.news\/ilmercoledi\/news\/wp-json\/wp\/v2\/news-destination?post=49638"},{"taxonomy":"news-source","embeddable":true,"href":"https:\/\/www.ilmercoledi.news\/ilmercoledi\/news\/wp-json\/wp\/v2\/news-source?post=49638"},{"taxonomy":"is_homepage","embeddable":true,"href":"https:\/\/www.ilmercoledi.news\/ilmercoledi\/news\/wp-json\/wp\/v2\/is_homepage?post=49638"},{"taxonomy":"ta_other","embeddable":true,"href":"https:\/\/www.ilmercoledi.news\/ilmercoledi\/news\/wp-json\/wp\/v2\/ta_other?post=49638"}],"curies":[{"name":"wp","href":"https:\/\/api.w.org\/{rel}","templated":true}]}}