{"id":49641,"date":"2022-10-11T15:14:02","date_gmt":"2022-10-11T13:14:02","guid":{"rendered":"https:\/\/www-ilmercoledi-news-*.sitenm.com\/?p=49641"},"modified":"2024-08-29T07:00:06","modified_gmt":"2023-11-03T07:00:06","slug":"nichelino-nasce-il-distretto-urbano-del-commercio","status":"publish","type":"post","link":"https:\/\/www.ilmercoledi.news\/2022\/10\/11\/nichelino-nasce-il-distretto-urbano-del-commercio\/","title":{"rendered":"NICHELINO &#8211; Nasce il distretto urbano del commercio"},"content":{"rendered":"<p>A Nichelino nasce il Distretto Urbano del Commercio di Nichelino. Ad annunciarlo l&#8217;assessore Fiodor Verzola: &#8221; Come primo risultato abbiamo ottenuto il finanziamento del progetto della filodiffusione. Un obiettivo che raggiungeremo grazie alla stretta collaborazione che ho avviato con l\u2019amico e collega Francesco Di Lorenzo e Confesercenti Torino e Provincia&#8221;. Aggiunge il sindaco Tolardo: &#8220;Un tassello in pi\u00f9 per valorizzare il settore commerciale nella nostra Citt\u00e0 e per continuare a sostenere le attivit\u00e0, cuore pulsante del territorio, tramite un progetto che prevede l\u2019installazione di un impianto di filodiffusione nelle principali vie della citt\u00e0: la musica infatti \u00e8 un elemento incentivante del commercio&#8221;.<\/p>\n<p>&nbsp;<\/p>\n<p>&nbsp;<\/p>\n","protected":false},"excerpt":{"rendered":"","protected":false},"author":11,"featured_media":49640,"comment_status":"open","ping_status":"closed","sticky":false,"template":"","format":"standard","meta":[],"categories":[34],"tags":[],"news-destination":[],"news-source":[],"is_homepage":[581],"ta_other":[],"_links":{"self":[{"href":"https:\/\/www.ilmercoledi.news\/ilmercoledi\/news\/wp-json\/wp\/v2\/posts\/49641"}],"collection":[{"href":"https:\/\/www.ilmercoledi.news\/ilmercoledi\/news\/wp-json\/wp\/v2\/posts"}],"about":[{"href":"https:\/\/www.ilmercoledi.news\/ilmercoledi\/news\/wp-json\/wp\/v2\/types\/post"}],"author":[{"embeddable":true,"href":"https:\/\/www.ilmercoledi.news\/ilmercoledi\/news\/wp-json\/wp\/v2\/users\/11"}],"replies":[{"embeddable":true,"href":"https:\/\/www.ilmercoledi.news\/ilmercoledi\/news\/wp-json\/wp\/v2\/comments?post=49641"}],"version-history":[{"count":1,"href":"https:\/\/www.ilmercoledi.news\/ilmercoledi\/news\/wp-json\/wp\/v2\/posts\/49641\/revisions"}],"predecessor-version":[{"id":68600,"href":"https:\/\/www.ilmercoledi.news\/ilmercoledi\/news\/wp-json\/wp\/v2\/posts\/49641\/revisions\/68600"}],"wp:featuredmedia":[{"embeddable":true,"href":"https:\/\/www.ilmercoledi.news\/ilmercoledi\/news\/wp-json\/wp\/v2\/media\/49640"}],"wp:attachment":[{"href":"https:\/\/www.ilmercoledi.news\/ilmercoledi\/news\/wp-json\/wp\/v2\/media?parent=49641"}],"wp:term":[{"taxonomy":"category","embeddable":true,"href":"https:\/\/www.ilmercoledi.news\/ilmercoledi\/news\/wp-json\/wp\/v2\/categories?post=49641"},{"taxonomy":"post_tag","embeddable":true,"href":"https:\/\/www.ilmercoledi.news\/ilmercoledi\/news\/wp-json\/wp\/v2\/tags?post=49641"},{"taxonomy":"news-destination","embeddable":true,"href":"https:\/\/www.ilmercoledi.news\/ilmercoledi\/news\/wp-json\/wp\/v2\/news-destination?post=49641"},{"taxonomy":"news-source","embeddable":true,"href":"https:\/\/www.ilmercoledi.news\/ilmercoledi\/news\/wp-json\/wp\/v2\/news-source?post=49641"},{"taxonomy":"is_homepage","embeddable":true,"href":"https:\/\/www.ilmercoledi.news\/ilmercoledi\/news\/wp-json\/wp\/v2\/is_homepage?post=49641"},{"taxonomy":"ta_other","embeddable":true,"href":"https:\/\/www.ilmercoledi.news\/ilmercoledi\/news\/wp-json\/wp\/v2\/ta_other?post=49641"}],"curies":[{"name":"wp","href":"https:\/\/api.w.org\/{rel}","templated":true}]}}