{"id":49659,"date":"2022-10-12T07:01:42","date_gmt":"2022-10-12T05:01:42","guid":{"rendered":"https:\/\/www-ilmercoledi-news-*.sitenm.com\/?p=49659"},"modified":"2024-08-29T07:00:06","modified_gmt":"2023-11-03T07:00:06","slug":"moncalieri-rubavano-nellex-ilte-metalli-e-altri-oggetti-arrestati","status":"publish","type":"post","link":"https:\/\/www.ilmercoledi.news\/2022\/10\/12\/moncalieri-rubavano-nellex-ilte-metalli-e-altri-oggetti-arrestati\/","title":{"rendered":"MONCALIERI &#8211; Rubavano nell&#8217;ex Ilte metalli e altri oggetti: arrestati"},"content":{"rendered":"<p>I carabinieri hanno arrestato due pregiudicati perch\u00e9 sorpresi in flagrante a rubare metalli all&#8217;interno della fabbrica dismessa ex Ilte di Moncalieri. Sulla loro macchina avevano gi\u00e0 accatastato qualcosa come 80 kg di alluminio. Il fatto \u00e8 capitato nella notte tra domenica e luned\u00ec. I carabinieri hanno notato delle luci anomale all&#8217;interno della fabbrica abbandonata: erano le torce usate dai due pregiudicati.<\/p>\n","protected":false},"excerpt":{"rendered":"","protected":false},"author":11,"featured_media":38089,"comment_status":"open","ping_status":"closed","sticky":false,"template":"","format":"standard","meta":[],"categories":[34],"tags":[],"news-destination":[],"news-source":[],"is_homepage":[581],"ta_other":[],"_links":{"self":[{"href":"https:\/\/www.ilmercoledi.news\/ilmercoledi\/news\/wp-json\/wp\/v2\/posts\/49659"}],"collection":[{"href":"https:\/\/www.ilmercoledi.news\/ilmercoledi\/news\/wp-json\/wp\/v2\/posts"}],"about":[{"href":"https:\/\/www.ilmercoledi.news\/ilmercoledi\/news\/wp-json\/wp\/v2\/types\/post"}],"author":[{"embeddable":true,"href":"https:\/\/www.ilmercoledi.news\/ilmercoledi\/news\/wp-json\/wp\/v2\/users\/11"}],"replies":[{"embeddable":true,"href":"https:\/\/www.ilmercoledi.news\/ilmercoledi\/news\/wp-json\/wp\/v2\/comments?post=49659"}],"version-history":[{"count":1,"href":"https:\/\/www.ilmercoledi.news\/ilmercoledi\/news\/wp-json\/wp\/v2\/posts\/49659\/revisions"}],"predecessor-version":[{"id":68624,"href":"https:\/\/www.ilmercoledi.news\/ilmercoledi\/news\/wp-json\/wp\/v2\/posts\/49659\/revisions\/68624"}],"wp:featuredmedia":[{"embeddable":true,"href":"https:\/\/www.ilmercoledi.news\/ilmercoledi\/news\/wp-json\/wp\/v2\/media\/38089"}],"wp:attachment":[{"href":"https:\/\/www.ilmercoledi.news\/ilmercoledi\/news\/wp-json\/wp\/v2\/media?parent=49659"}],"wp:term":[{"taxonomy":"category","embeddable":true,"href":"https:\/\/www.ilmercoledi.news\/ilmercoledi\/news\/wp-json\/wp\/v2\/categories?post=49659"},{"taxonomy":"post_tag","embeddable":true,"href":"https:\/\/www.ilmercoledi.news\/ilmercoledi\/news\/wp-json\/wp\/v2\/tags?post=49659"},{"taxonomy":"news-destination","embeddable":true,"href":"https:\/\/www.ilmercoledi.news\/ilmercoledi\/news\/wp-json\/wp\/v2\/news-destination?post=49659"},{"taxonomy":"news-source","embeddable":true,"href":"https:\/\/www.ilmercoledi.news\/ilmercoledi\/news\/wp-json\/wp\/v2\/news-source?post=49659"},{"taxonomy":"is_homepage","embeddable":true,"href":"https:\/\/www.ilmercoledi.news\/ilmercoledi\/news\/wp-json\/wp\/v2\/is_homepage?post=49659"},{"taxonomy":"ta_other","embeddable":true,"href":"https:\/\/www.ilmercoledi.news\/ilmercoledi\/news\/wp-json\/wp\/v2\/ta_other?post=49659"}],"curies":[{"name":"wp","href":"https:\/\/api.w.org\/{rel}","templated":true}]}}