{"id":4968,"date":"2018-04-16T21:50:55","date_gmt":"2018-04-16T19:50:55","guid":{"rendered":"http:\/\/euwps02.tecnavia.com\/ilmercoledi\/news\/?p=4968"},"modified":"2018-04-16T21:50:57","modified_gmt":"2018-04-16T19:50:57","slug":"nichelino-akuadro-campione-interregionale-ginnastica-aerobica","status":"publish","type":"post","link":"https:\/\/www.ilmercoledi.news\/2018\/04\/16\/nichelino-akuadro-campione-interregionale-ginnastica-aerobica\/","title":{"rendered":"NICHELINO &#8211; Akuadro campione interregionale di ginnastica aerobica"},"content":{"rendered":"<p>Il 14 aprile si \u00e8 tenuto a Chiavari il Campionato Interregionale di ginnastica aerobica che ha visto la partecipazione di moltissime ginnaste provenienti da tutto il nord Italia. Anche in questa occasione l\u2019Akuadro Sport ha portato a casa grandi risultati, riuscendo a qualificarsi per la fase nazionale con tutte le routines portate in gara.Nella categoria Allieve ha vinto il titolo di campione interregionale la coppia costituita da Emma Boretto e Giorgia Sabato, che insieme ad Irene Turrisi ha conquistato il secondo gradino del podio nella categoria trio. Podio sfiorato nell\u2019individuale per Emma Boretto che si classifica quarta per soli 10 centesimi.Nella categoria Junior A si \u00e8 confermata ancora una volta campionessa Carlotta Tosini (categoria individuale). Quarto posto per soli 15 centesimi per il gruppo costituito da Irene Dilema, Giulia Passiatore, Emilia Pozzato, Francesca Alessi e Irene Turrisi (entrata a sostituire la compagna Aurora Carnazza assente per motivi di salute).\u00a0Nella categoria Junior B individuale secondo e terzo posto a pari merito rispettivamente per Sofia Sarra e Irene Simionato, che insieme a Carlotta Tosini vincono il primo posto nella categoria trio sulle note di \u201cSpider-Man\u201d.Campionesse interregionali nella categoria trio Senior sono Sofia Favale, Giulia Sciarrillo e Viola Buratto (reduce solo un mese fa da un intervento al menisco).Primo posto inoltre per il gruppo Senior costituito da Sabrina Cammarata, Paola Ghigo, Alice Mugnai ed Elisa Ferrero.\u00a0Non solo: buoni risultati anche per le pi\u00f9 piccole Giorgia Ardita, Alessandra Copertino, Cecilia Sicuro, Hidaya Stella, Chiara Rosa, Giorgia Parodi e Lucrezia Dalla Verde. Naturalmente si dicono molto soddisfatte le allenatrici\u00a0Noemi Favale, Giada Piva e Denise Laise. Il prossimo appuntamento sar\u00e0 il Campionato Nazionale che si terr\u00e0 il 9-10 giugno a Gorle (Bergamo). In bocca al lupo a tutte dalla Citt\u00e0 di Nichelino.<\/p>\n","protected":false},"excerpt":{"rendered":"","protected":false},"author":11,"featured_media":4969,"comment_status":"open","ping_status":"closed","sticky":false,"template":"","format":"standard","meta":[],"categories":[34],"tags":[],"news-destination":[],"news-source":[],"is_homepage":[],"ta_other":[],"_links":{"self":[{"href":"https:\/\/www.ilmercoledi.news\/ilmercoledi\/news\/wp-json\/wp\/v2\/posts\/4968"}],"collection":[{"href":"https:\/\/www.ilmercoledi.news\/ilmercoledi\/news\/wp-json\/wp\/v2\/posts"}],"about":[{"href":"https:\/\/www.ilmercoledi.news\/ilmercoledi\/news\/wp-json\/wp\/v2\/types\/post"}],"author":[{"embeddable":true,"href":"https:\/\/www.ilmercoledi.news\/ilmercoledi\/news\/wp-json\/wp\/v2\/users\/11"}],"replies":[{"embeddable":true,"href":"https:\/\/www.ilmercoledi.news\/ilmercoledi\/news\/wp-json\/wp\/v2\/comments?post=4968"}],"version-history":[{"count":1,"href":"https:\/\/www.ilmercoledi.news\/ilmercoledi\/news\/wp-json\/wp\/v2\/posts\/4968\/revisions"}],"predecessor-version":[{"id":4970,"href":"https:\/\/www.ilmercoledi.news\/ilmercoledi\/news\/wp-json\/wp\/v2\/posts\/4968\/revisions\/4970"}],"wp:featuredmedia":[{"embeddable":true,"href":"https:\/\/www.ilmercoledi.news\/ilmercoledi\/news\/wp-json\/wp\/v2\/media\/4969"}],"wp:attachment":[{"href":"https:\/\/www.ilmercoledi.news\/ilmercoledi\/news\/wp-json\/wp\/v2\/media?parent=4968"}],"wp:term":[{"taxonomy":"category","embeddable":true,"href":"https:\/\/www.ilmercoledi.news\/ilmercoledi\/news\/wp-json\/wp\/v2\/categories?post=4968"},{"taxonomy":"post_tag","embeddable":true,"href":"https:\/\/www.ilmercoledi.news\/ilmercoledi\/news\/wp-json\/wp\/v2\/tags?post=4968"},{"taxonomy":"news-destination","embeddable":true,"href":"https:\/\/www.ilmercoledi.news\/ilmercoledi\/news\/wp-json\/wp\/v2\/news-destination?post=4968"},{"taxonomy":"news-source","embeddable":true,"href":"https:\/\/www.ilmercoledi.news\/ilmercoledi\/news\/wp-json\/wp\/v2\/news-source?post=4968"},{"taxonomy":"is_homepage","embeddable":true,"href":"https:\/\/www.ilmercoledi.news\/ilmercoledi\/news\/wp-json\/wp\/v2\/is_homepage?post=4968"},{"taxonomy":"ta_other","embeddable":true,"href":"https:\/\/www.ilmercoledi.news\/ilmercoledi\/news\/wp-json\/wp\/v2\/ta_other?post=4968"}],"curies":[{"name":"wp","href":"https:\/\/api.w.org\/{rel}","templated":true}]}}