{"id":49805,"date":"2022-10-20T06:52:39","date_gmt":"2022-10-20T04:52:39","guid":{"rendered":"https:\/\/www-ilmercoledi-news-*.sitenm.com\/?p=49805"},"modified":"2024-08-29T07:00:04","modified_gmt":"2023-11-03T07:00:04","slug":"scuola-nuovi-indirizzi-di-studio-negli-istituti-superiori-torinesi","status":"publish","type":"post","link":"https:\/\/www.ilmercoledi.news\/2022\/10\/20\/scuola-nuovi-indirizzi-di-studio-negli-istituti-superiori-torinesi\/","title":{"rendered":"SCUOLA &#8211; Nuovi indirizzi di studio negli istituti superiori Torinesi"},"content":{"rendered":"<p>Sono\u00a0stati presentati\u00a0i nuovi indirizzi di studio richiesti dalle scuole superiori di Torino e provincia e\u00a0che hanno passato l\u2019istruttoria\u00a0dalla Citt\u00e0 metropolitana di Torino, resi noti oggi durante la \u201cConferenza territoriale per il dimensionamento e per la programmazione dell\u2019anno scolastico 2023-2024\u201d tenuta in modalit\u00e0 da remoto. Alla presenza di presidi e insegnanti, l\u2019incontro \u00e8 stato aperto dai saluti della\u00a0consigliera metropolitana delegata all\u2019Istruzione\u00a0Caterina Greco\u00a0e dell\u2019assessora alle\u00a0Politiche educative e giovanili\u00a0del\u00a0Comune dI Torino Carlotta Salerno.<\/p>\n<p>\u201cLa programmazione dell\u2019offerta formativa per le scuole secondarie di secondo grado per l\u2019anno scolastico \u201823\/24 e il dimensionamento scolastico della rete di scuole \u00e8 un procedimento lungo e impegnativo ed \u00e8 stato nei mesi scorsi oggetto di momenti di formazione per inquadrare l\u2019iter procedimentale e la normativa di riferimento\u201d\u00a0ha detto la consigliera delegata della Citt\u00e0 metropolitana Caterina Greco. \u201cIl\u00a0rispetto\u00a0dei principi che ci hanno ispirato riportano ai criteri di ottimizzazione degli spazi, della razionalizzazione della spesa, dell\u2019equa distribuzione degli indirizzi scolastici, dell\u2019efficientamento energetico e della qualit\u00e0 e quantit\u00e0 degli spazi. Inoltre si \u00e8 tenuto conto dei flussi rispetto ai trasporti pubblici locali e della distribuzione della domanda e dell\u2019offerta scolastica distribuita nel territorio metropolitano. Infine il tema della digitalizzazione delle aule scolastiche e la possibilit\u00e0 di sostituire o accorpare e\/o dismettere edifici scolastici \u00e8 un obiettivo pi\u00f9 a lungo termine al quale tendere nell\u2019applicazione del piano dell\u2019edilizia scolastica che sottoporremo all\u2019approvazione del Consiglio Metropolitano nei prossimi mesi. Gli scenari sostenibili sono in costruzione e saranno vagliati con proposte concrete e realizzabili\u201d<\/p>\n<p>Sono quindi intervenuti\u00a0Tecla Riverso, dirigente\u00a0dell\u2019Ufficio scolastico regionale\u00a0Piemonte\u00a0per l\u2019ambito torinese, Valeria Sottili, dirigente\u00a0del\u00a0settore Politiche dell\u2019istruzione, programmazione e monitoraggio strutture scolastiche\u00a0della\u00a0Regione Piemonte,\u00a0e\u00a0Monica Tarchi, dirigente Istruzione e sviluppo sociale\u00a0per la Citt\u00e0 metropolitana di Torino.<\/p>\n<p>In particolare sul tema del dimensionamento scolastico \u00e8 intervenuto Marco Rosso, dirigente\u00a0del\u00a0Coordinamento Edilizia \u2013 Edilizia Scolastica 1 e 2, che ha illustrato uno studio statistico sulle presenze (90mila, in crescita, gli studenti complessivi degli istituti superiori), le preferenze (in crescita la scelta dei Licei sugli Istituti tecnici e professionali, e sul fronte degli indirizzi salgono le preferenze per i Licei scientifici e tecnologici e, nell\u2019ambito degli Istituti tecnici, dell\u2019indirizzzo informatico) e la mobilit\u00e0 degli studenti sul territorio metropolitano: elementi che vengono valutati per il dimensionamento degli edifici ma anche per la programmazione.<\/p>\n<p>Sul fronte dell\u2019offerta formativa questo\u00a0l\u2019elenco dei nuovi corsi di studio delle scuole secondarie superiori\u00a0che verranno deliberati\u00a0dalla Citt\u00e0 metropolitana, in attesa del s\u00ec definitivo della Regione Piemonte.<\/p>\n<p>&#8211; I.I.S. ALBERT<\/p>\n<p>articolazione triennale dell\u2019\u00a0indirizzo \u201cProduzioni e trasformazionI\u201ddell\u2019Istituto tecnico di \u201cAgraria,\u00a0agroalimentare e agroindustria\u201d<\/p>\n<p>&#8211;\u00a0Istituto\u00a0SELLA\u2013 AALTO\u2013LAGRANGE di Torino<\/p>\n<p>articolazione triennale Sistemi informativi aziendali dell\u2019I.T. A.F.M<\/p>\n<p>&#8211; Istituto COPERNICO LUXEMBURG di Corso Caio Plinio\u00a02\u00a0Torino<\/p>\n<p>nuovo percorso di Liceo scientifico \u2013 Indirizzo Scienze applicate diurno.<\/p>\n","protected":false},"excerpt":{"rendered":"","protected":false},"author":11,"featured_media":32850,"comment_status":"open","ping_status":"closed","sticky":false,"template":"","format":"standard","meta":[],"categories":[34],"tags":[],"news-destination":[],"news-source":[],"is_homepage":[581],"ta_other":[],"_links":{"self":[{"href":"https:\/\/www.ilmercoledi.news\/ilmercoledi\/news\/wp-json\/wp\/v2\/posts\/49805"}],"collection":[{"href":"https:\/\/www.ilmercoledi.news\/ilmercoledi\/news\/wp-json\/wp\/v2\/posts"}],"about":[{"href":"https:\/\/www.ilmercoledi.news\/ilmercoledi\/news\/wp-json\/wp\/v2\/types\/post"}],"author":[{"embeddable":true,"href":"https:\/\/www.ilmercoledi.news\/ilmercoledi\/news\/wp-json\/wp\/v2\/users\/11"}],"replies":[{"embeddable":true,"href":"https:\/\/www.ilmercoledi.news\/ilmercoledi\/news\/wp-json\/wp\/v2\/comments?post=49805"}],"version-history":[{"count":1,"href":"https:\/\/www.ilmercoledi.news\/ilmercoledi\/news\/wp-json\/wp\/v2\/posts\/49805\/revisions"}],"predecessor-version":[{"id":68468,"href":"https:\/\/www.ilmercoledi.news\/ilmercoledi\/news\/wp-json\/wp\/v2\/posts\/49805\/revisions\/68468"}],"wp:featuredmedia":[{"embeddable":true,"href":"https:\/\/www.ilmercoledi.news\/ilmercoledi\/news\/wp-json\/wp\/v2\/media\/32850"}],"wp:attachment":[{"href":"https:\/\/www.ilmercoledi.news\/ilmercoledi\/news\/wp-json\/wp\/v2\/media?parent=49805"}],"wp:term":[{"taxonomy":"category","embeddable":true,"href":"https:\/\/www.ilmercoledi.news\/ilmercoledi\/news\/wp-json\/wp\/v2\/categories?post=49805"},{"taxonomy":"post_tag","embeddable":true,"href":"https:\/\/www.ilmercoledi.news\/ilmercoledi\/news\/wp-json\/wp\/v2\/tags?post=49805"},{"taxonomy":"news-destination","embeddable":true,"href":"https:\/\/www.ilmercoledi.news\/ilmercoledi\/news\/wp-json\/wp\/v2\/news-destination?post=49805"},{"taxonomy":"news-source","embeddable":true,"href":"https:\/\/www.ilmercoledi.news\/ilmercoledi\/news\/wp-json\/wp\/v2\/news-source?post=49805"},{"taxonomy":"is_homepage","embeddable":true,"href":"https:\/\/www.ilmercoledi.news\/ilmercoledi\/news\/wp-json\/wp\/v2\/is_homepage?post=49805"},{"taxonomy":"ta_other","embeddable":true,"href":"https:\/\/www.ilmercoledi.news\/ilmercoledi\/news\/wp-json\/wp\/v2\/ta_other?post=49805"}],"curies":[{"name":"wp","href":"https:\/\/api.w.org\/{rel}","templated":true}]}}