{"id":49883,"date":"2022-10-26T07:27:10","date_gmt":"2022-10-26T05:27:10","guid":{"rendered":"https:\/\/www-ilmercoledi-news-*.sitenm.com\/?p=49883"},"modified":"2024-08-29T07:00:03","modified_gmt":"2023-11-03T07:00:03","slug":"moncalieri-una-giornata-al-giardino-delle-rose-per-bambini-dedicata-alla-conoscenza-delle-api","status":"publish","type":"post","link":"https:\/\/www.ilmercoledi.news\/2022\/10\/26\/moncalieri-una-giornata-al-giardino-delle-rose-per-bambini-dedicata-alla-conoscenza-delle-api\/","title":{"rendered":"MONCALIERI &#8211; Una giornata al Giardino delle Rose per i bambini dedicata alla conoscenza delle api"},"content":{"rendered":"<p>Sabato 29 e domenica 30 ottobre al Giardino delle Rose del Castello di Moncalieri, a partire dalle ore 10, si terr\u00e0 un laboratorio per bambini dedicato alla conoscenza delle api. &#8220;Il magico mondo delle api&#8221; \u00e8 l&#8217;iniziativa che porter\u00e0 i partecipanti a un laboratorio pratico per creare un involucro naturale a base di cera d&#8217;api. In seguito ci sar\u00e0 un workshop dedicato agli insetti impollinatori. Per prenotare la partecipazione telefonare al 335 146 29 55<\/p>\n","protected":false},"excerpt":{"rendered":"","protected":false},"author":11,"featured_media":23317,"comment_status":"open","ping_status":"closed","sticky":false,"template":"","format":"standard","meta":[],"categories":[34],"tags":[],"news-destination":[],"news-source":[],"is_homepage":[581],"ta_other":[],"_links":{"self":[{"href":"https:\/\/www.ilmercoledi.news\/ilmercoledi\/news\/wp-json\/wp\/v2\/posts\/49883"}],"collection":[{"href":"https:\/\/www.ilmercoledi.news\/ilmercoledi\/news\/wp-json\/wp\/v2\/posts"}],"about":[{"href":"https:\/\/www.ilmercoledi.news\/ilmercoledi\/news\/wp-json\/wp\/v2\/types\/post"}],"author":[{"embeddable":true,"href":"https:\/\/www.ilmercoledi.news\/ilmercoledi\/news\/wp-json\/wp\/v2\/users\/11"}],"replies":[{"embeddable":true,"href":"https:\/\/www.ilmercoledi.news\/ilmercoledi\/news\/wp-json\/wp\/v2\/comments?post=49883"}],"version-history":[{"count":1,"href":"https:\/\/www.ilmercoledi.news\/ilmercoledi\/news\/wp-json\/wp\/v2\/posts\/49883\/revisions"}],"predecessor-version":[{"id":68422,"href":"https:\/\/www.ilmercoledi.news\/ilmercoledi\/news\/wp-json\/wp\/v2\/posts\/49883\/revisions\/68422"}],"wp:featuredmedia":[{"embeddable":true,"href":"https:\/\/www.ilmercoledi.news\/ilmercoledi\/news\/wp-json\/wp\/v2\/media\/23317"}],"wp:attachment":[{"href":"https:\/\/www.ilmercoledi.news\/ilmercoledi\/news\/wp-json\/wp\/v2\/media?parent=49883"}],"wp:term":[{"taxonomy":"category","embeddable":true,"href":"https:\/\/www.ilmercoledi.news\/ilmercoledi\/news\/wp-json\/wp\/v2\/categories?post=49883"},{"taxonomy":"post_tag","embeddable":true,"href":"https:\/\/www.ilmercoledi.news\/ilmercoledi\/news\/wp-json\/wp\/v2\/tags?post=49883"},{"taxonomy":"news-destination","embeddable":true,"href":"https:\/\/www.ilmercoledi.news\/ilmercoledi\/news\/wp-json\/wp\/v2\/news-destination?post=49883"},{"taxonomy":"news-source","embeddable":true,"href":"https:\/\/www.ilmercoledi.news\/ilmercoledi\/news\/wp-json\/wp\/v2\/news-source?post=49883"},{"taxonomy":"is_homepage","embeddable":true,"href":"https:\/\/www.ilmercoledi.news\/ilmercoledi\/news\/wp-json\/wp\/v2\/is_homepage?post=49883"},{"taxonomy":"ta_other","embeddable":true,"href":"https:\/\/www.ilmercoledi.news\/ilmercoledi\/news\/wp-json\/wp\/v2\/ta_other?post=49883"}],"curies":[{"name":"wp","href":"https:\/\/api.w.org\/{rel}","templated":true}]}}