{"id":49908,"date":"2022-10-27T07:25:46","date_gmt":"2022-10-27T05:25:46","guid":{"rendered":"https:\/\/www-ilmercoledi-news-*.sitenm.com\/?p=49908"},"modified":"2024-08-29T07:00:03","modified_gmt":"2023-11-03T07:00:03","slug":"carmagnola-viabilita-modificata-per-la-notte-di-halloween","status":"publish","type":"post","link":"https:\/\/www.ilmercoledi.news\/2022\/10\/27\/carmagnola-viabilita-modificata-per-la-notte-di-halloween\/","title":{"rendered":"CARMAGNOLA &#8211; Viabilit\u00e0 modificata per la notte di Halloween"},"content":{"rendered":"<p>Cambia la viabilit\u00e0 nella serata del 31 ottobre a Carmagnola, a causa dell&#8217;iniziativa per Halloween. Nel dettaglio, \u00e8 previsto il divieto di sosta con la previsione della sanzione accessoria della rimozione forzata, dalle ore 20.00 al termine della kermesse in: Largo Vittorio Veneto, fronte Trattoria Monviso, Piazza Del Popolo, Piazza Garavella. Divieto di transito dalle ore 21.00 al termine in: Via Porta Zucchetta, Via Cavassa (dalle ore 20.30), Via Valobra, tratto compreso tra Piazza IV Martiri e Largo Vittorio Veneto, Via Gardezzana, tutte le vie che si immettono sul percorso della sfilata.<\/p>\n","protected":false},"excerpt":{"rendered":"","protected":false},"author":11,"featured_media":39626,"comment_status":"open","ping_status":"closed","sticky":false,"template":"","format":"standard","meta":[],"categories":[34],"tags":[],"news-destination":[],"news-source":[],"is_homepage":[581],"ta_other":[],"_links":{"self":[{"href":"https:\/\/www.ilmercoledi.news\/ilmercoledi\/news\/wp-json\/wp\/v2\/posts\/49908"}],"collection":[{"href":"https:\/\/www.ilmercoledi.news\/ilmercoledi\/news\/wp-json\/wp\/v2\/posts"}],"about":[{"href":"https:\/\/www.ilmercoledi.news\/ilmercoledi\/news\/wp-json\/wp\/v2\/types\/post"}],"author":[{"embeddable":true,"href":"https:\/\/www.ilmercoledi.news\/ilmercoledi\/news\/wp-json\/wp\/v2\/users\/11"}],"replies":[{"embeddable":true,"href":"https:\/\/www.ilmercoledi.news\/ilmercoledi\/news\/wp-json\/wp\/v2\/comments?post=49908"}],"version-history":[{"count":1,"href":"https:\/\/www.ilmercoledi.news\/ilmercoledi\/news\/wp-json\/wp\/v2\/posts\/49908\/revisions"}],"predecessor-version":[{"id":68447,"href":"https:\/\/www.ilmercoledi.news\/ilmercoledi\/news\/wp-json\/wp\/v2\/posts\/49908\/revisions\/68447"}],"wp:featuredmedia":[{"embeddable":true,"href":"https:\/\/www.ilmercoledi.news\/ilmercoledi\/news\/wp-json\/wp\/v2\/media\/39626"}],"wp:attachment":[{"href":"https:\/\/www.ilmercoledi.news\/ilmercoledi\/news\/wp-json\/wp\/v2\/media?parent=49908"}],"wp:term":[{"taxonomy":"category","embeddable":true,"href":"https:\/\/www.ilmercoledi.news\/ilmercoledi\/news\/wp-json\/wp\/v2\/categories?post=49908"},{"taxonomy":"post_tag","embeddable":true,"href":"https:\/\/www.ilmercoledi.news\/ilmercoledi\/news\/wp-json\/wp\/v2\/tags?post=49908"},{"taxonomy":"news-destination","embeddable":true,"href":"https:\/\/www.ilmercoledi.news\/ilmercoledi\/news\/wp-json\/wp\/v2\/news-destination?post=49908"},{"taxonomy":"news-source","embeddable":true,"href":"https:\/\/www.ilmercoledi.news\/ilmercoledi\/news\/wp-json\/wp\/v2\/news-source?post=49908"},{"taxonomy":"is_homepage","embeddable":true,"href":"https:\/\/www.ilmercoledi.news\/ilmercoledi\/news\/wp-json\/wp\/v2\/is_homepage?post=49908"},{"taxonomy":"ta_other","embeddable":true,"href":"https:\/\/www.ilmercoledi.news\/ilmercoledi\/news\/wp-json\/wp\/v2\/ta_other?post=49908"}],"curies":[{"name":"wp","href":"https:\/\/api.w.org\/{rel}","templated":true}]}}