{"id":49977,"date":"2022-11-01T02:43:23","date_gmt":"2022-11-01T01:43:23","guid":{"rendered":"https:\/\/www-ilmercoledi-news-*.sitenm.com\/?p=49977"},"modified":"2024-08-29T07:00:02","modified_gmt":"2023-11-03T07:00:02","slug":"chisola-la-sconfitta-di-asti-la-settima-stagionale-costa-la-panchina-meloni","status":"publish","type":"post","link":"https:\/\/www.ilmercoledi.news\/2022\/11\/01\/chisola-la-sconfitta-di-asti-la-settima-stagionale-costa-la-panchina-meloni\/","title":{"rendered":"Chisola, la sconfitta di Asti (la settima stagionale) costa la panchina a Meloni"},"content":{"rendered":"<p>La sconfitta di domenica ad Asti ha avuto un corollario per certi versi inatteso. Con un comunicato ufficiale emesso dalla societ\u00e0 nella serata di luned\u00ec,\u00a0 <em>&#8220;L&#8217;A.S.D. Chisola Calcio comunica che si interrompe il rapporto professionale con Marcello Meloni, allenatore della Prima Squadra. Una decisione che purtroppo si \u00e8 resa inevitabile, a causa di questo difficoltoso inizio di campionato, nonostante il forte legame che si \u00e8 creato con la societ\u00e0 in questi anni trascorsi insieme, in particolare nella scorsa stagione, con la storica Promozione in Serie D, per la quale esprimiamo a Mister Meloni profonda riconoscenza. Con l&#8217;augurio che le strade del Chisola e di Mister Meloni continuino ad alti livelli, la societ\u00e0 ringrazia il tecnico e si riserva di comunicare nelle prossime ore il nome del nuovo allenatore&#8221;<\/em>.<\/p>\n<p>A firmare il comunicato il<em> &#8220;Presidente Luca Atzori e Societ\u00e0&#8221;<\/em>.<\/p>\n<p>&nbsp;<\/p>\n<p>&nbsp;<\/p>\n","protected":false},"excerpt":{"rendered":"","protected":false},"author":9,"featured_media":49976,"comment_status":"open","ping_status":"closed","sticky":false,"template":"","format":"standard","meta":[],"categories":[10],"tags":[],"news-destination":[],"news-source":[],"is_homepage":[581],"ta_other":[],"_links":{"self":[{"href":"https:\/\/www.ilmercoledi.news\/ilmercoledi\/news\/wp-json\/wp\/v2\/posts\/49977"}],"collection":[{"href":"https:\/\/www.ilmercoledi.news\/ilmercoledi\/news\/wp-json\/wp\/v2\/posts"}],"about":[{"href":"https:\/\/www.ilmercoledi.news\/ilmercoledi\/news\/wp-json\/wp\/v2\/types\/post"}],"author":[{"embeddable":true,"href":"https:\/\/www.ilmercoledi.news\/ilmercoledi\/news\/wp-json\/wp\/v2\/users\/9"}],"replies":[{"embeddable":true,"href":"https:\/\/www.ilmercoledi.news\/ilmercoledi\/news\/wp-json\/wp\/v2\/comments?post=49977"}],"version-history":[{"count":1,"href":"https:\/\/www.ilmercoledi.news\/ilmercoledi\/news\/wp-json\/wp\/v2\/posts\/49977\/revisions"}],"predecessor-version":[{"id":68391,"href":"https:\/\/www.ilmercoledi.news\/ilmercoledi\/news\/wp-json\/wp\/v2\/posts\/49977\/revisions\/68391"}],"wp:featuredmedia":[{"embeddable":true,"href":"https:\/\/www.ilmercoledi.news\/ilmercoledi\/news\/wp-json\/wp\/v2\/media\/49976"}],"wp:attachment":[{"href":"https:\/\/www.ilmercoledi.news\/ilmercoledi\/news\/wp-json\/wp\/v2\/media?parent=49977"}],"wp:term":[{"taxonomy":"category","embeddable":true,"href":"https:\/\/www.ilmercoledi.news\/ilmercoledi\/news\/wp-json\/wp\/v2\/categories?post=49977"},{"taxonomy":"post_tag","embeddable":true,"href":"https:\/\/www.ilmercoledi.news\/ilmercoledi\/news\/wp-json\/wp\/v2\/tags?post=49977"},{"taxonomy":"news-destination","embeddable":true,"href":"https:\/\/www.ilmercoledi.news\/ilmercoledi\/news\/wp-json\/wp\/v2\/news-destination?post=49977"},{"taxonomy":"news-source","embeddable":true,"href":"https:\/\/www.ilmercoledi.news\/ilmercoledi\/news\/wp-json\/wp\/v2\/news-source?post=49977"},{"taxonomy":"is_homepage","embeddable":true,"href":"https:\/\/www.ilmercoledi.news\/ilmercoledi\/news\/wp-json\/wp\/v2\/is_homepage?post=49977"},{"taxonomy":"ta_other","embeddable":true,"href":"https:\/\/www.ilmercoledi.news\/ilmercoledi\/news\/wp-json\/wp\/v2\/ta_other?post=49977"}],"curies":[{"name":"wp","href":"https:\/\/api.w.org\/{rel}","templated":true}]}}