{"id":49995,"date":"2022-11-01T18:16:07","date_gmt":"2022-11-01T17:16:07","guid":{"rendered":"https:\/\/www-ilmercoledi-news-*.sitenm.com\/?p=49995"},"modified":"2024-08-29T07:00:02","modified_gmt":"2023-11-03T07:00:02","slug":"il-chisola-si-affida-di-nuovo-fabio-nistico-per-lui-esordio-mercoledi-coppa-italia","status":"publish","type":"post","link":"https:\/\/www.ilmercoledi.news\/2022\/11\/01\/il-chisola-si-affida-di-nuovo-fabio-nistico-per-lui-esordio-mercoledi-coppa-italia\/","title":{"rendered":"Il Chisola si affida di nuovo a Fabio Nistic\u00f2. Per lui esordio mercoled\u00ec in Coppa Italia"},"content":{"rendered":"<p>E&#8217; Fabio Nistic\u00f2 il nuovo allenatore del Chisola. Dopo l&#8217;esonero di Marcello Meloni avvenuto nella serata di luned\u00ec, la notizia del nuovo tecnico \u00e8 arrivata a stretto giro di poche ore con il rientrante allenatore gi\u00e0 in campo marted\u00ec mattina per l&#8217;allenamento in vista dell&#8217;impegno di Coppa Italia di mercoled\u00ec alle 15 con il Bra che lo vedr\u00e0 per la prima volta in panchina.<\/p>\n<p>Presente in tribuna sin dal primo turno casalingo delle merengues, Nistic\u00f2 ritrova parecchi giocatori gi\u00e0 presenti nelle fila biancobl\u00f9 all&#8217;epoca della sua precedente esperienza vinovese esaltata dalla vittoria della Coppa Italia di Eccellenza regionale nella finale di Novarello con il Citt\u00e0 di Baveno. Il fatto che si riparta proprio dalla stessa competizione (pur in categoria differente) non pu\u00f2 quindi che essere di buon auspicio.<\/p>\n","protected":false},"excerpt":{"rendered":"","protected":false},"author":9,"featured_media":49994,"comment_status":"open","ping_status":"closed","sticky":false,"template":"","format":"standard","meta":[],"categories":[10],"tags":[],"news-destination":[],"news-source":[],"is_homepage":[581],"ta_other":[],"_links":{"self":[{"href":"https:\/\/www.ilmercoledi.news\/ilmercoledi\/news\/wp-json\/wp\/v2\/posts\/49995"}],"collection":[{"href":"https:\/\/www.ilmercoledi.news\/ilmercoledi\/news\/wp-json\/wp\/v2\/posts"}],"about":[{"href":"https:\/\/www.ilmercoledi.news\/ilmercoledi\/news\/wp-json\/wp\/v2\/types\/post"}],"author":[{"embeddable":true,"href":"https:\/\/www.ilmercoledi.news\/ilmercoledi\/news\/wp-json\/wp\/v2\/users\/9"}],"replies":[{"embeddable":true,"href":"https:\/\/www.ilmercoledi.news\/ilmercoledi\/news\/wp-json\/wp\/v2\/comments?post=49995"}],"version-history":[{"count":1,"href":"https:\/\/www.ilmercoledi.news\/ilmercoledi\/news\/wp-json\/wp\/v2\/posts\/49995\/revisions"}],"predecessor-version":[{"id":49996,"href":"https:\/\/www.ilmercoledi.news\/ilmercoledi\/news\/wp-json\/wp\/v2\/posts\/49995\/revisions\/49996"}],"wp:featuredmedia":[{"embeddable":true,"href":"https:\/\/www.ilmercoledi.news\/ilmercoledi\/news\/wp-json\/wp\/v2\/media\/49994"}],"wp:attachment":[{"href":"https:\/\/www.ilmercoledi.news\/ilmercoledi\/news\/wp-json\/wp\/v2\/media?parent=49995"}],"wp:term":[{"taxonomy":"category","embeddable":true,"href":"https:\/\/www.ilmercoledi.news\/ilmercoledi\/news\/wp-json\/wp\/v2\/categories?post=49995"},{"taxonomy":"post_tag","embeddable":true,"href":"https:\/\/www.ilmercoledi.news\/ilmercoledi\/news\/wp-json\/wp\/v2\/tags?post=49995"},{"taxonomy":"news-destination","embeddable":true,"href":"https:\/\/www.ilmercoledi.news\/ilmercoledi\/news\/wp-json\/wp\/v2\/news-destination?post=49995"},{"taxonomy":"news-source","embeddable":true,"href":"https:\/\/www.ilmercoledi.news\/ilmercoledi\/news\/wp-json\/wp\/v2\/news-source?post=49995"},{"taxonomy":"is_homepage","embeddable":true,"href":"https:\/\/www.ilmercoledi.news\/ilmercoledi\/news\/wp-json\/wp\/v2\/is_homepage?post=49995"},{"taxonomy":"ta_other","embeddable":true,"href":"https:\/\/www.ilmercoledi.news\/ilmercoledi\/news\/wp-json\/wp\/v2\/ta_other?post=49995"}],"curies":[{"name":"wp","href":"https:\/\/api.w.org\/{rel}","templated":true}]}}