{"id":50020,"date":"2022-11-03T07:23:46","date_gmt":"2022-11-03T06:23:46","guid":{"rendered":"https:\/\/www-ilmercoledi-news-*.sitenm.com\/?p=50020"},"modified":"2024-08-29T07:00:01","modified_gmt":"2023-11-03T07:00:01","slug":"nichelino-due-serate-dedicate-ai-bambini-della-citta","status":"publish","type":"post","link":"https:\/\/www.ilmercoledi.news\/2022\/11\/03\/nichelino-due-serate-dedicate-ai-bambini-della-citta\/","title":{"rendered":"NICHELINO -Due serate dedicate ai bambini della citt\u00e0"},"content":{"rendered":"<p>Due sere dedicate ai bimbi e alle bimbe di Nichelino da 0 a 6 anni a Nichelino. Gioved\u00ec 3 e venerd\u00ec 4 novembre alla ludoteca appuntamento con \ud835\udddf\ud835\ude02\ud835\uddf0\ud835\uddf6 \ud835\ude00\ud835\ude02\ud835\uddf6 \ud835\uddd5\ud835\uddee\ud835\uddfa\ud835\uddef\ud835\uddf6\ud835\uddfb\ud835\uddf6 \ud835\uddf2 \ud835\ude00\ud835\ude02\ud835\uddf9\ud835\uddf9\ud835\uddf2 \ud835\uddd5\ud835\uddee\ud835\uddfa\ud835\uddef\ud835\uddf6\ud835\uddfb\ud835\uddf2 \ud835\uddf1\ud835\uddf2\ud835\uddf9\ud835\uddf9\ud835\uddee \ud835\uddd6\ud835\uddf6\ud835\ude01\ud835\ude01\ud835\uddee\u0300<\/p>\n<p>&#8220;Un&#8217;occasione per conoscere da vicino i Servizi Educativi e Integrativi della Citt\u00e0 &#8211; raccontano il Sindaco Giampiero Tolardo e l&#8217;Assessore all&#8217;Istruzione Alessandro Azzolina -. I piccoli e i grandi nichelinesi saranno accolti negli Asili Nido e nelle ludoteche con diverse iniziative e attivit\u00e0. Un passo in pi\u00f9 per continuare ad essere comunit\u00e0 educante e costruire insieme una Citt\u00e0 Educativa&#8221;.<\/p>\n<p>&nbsp;<\/p>\n<p>&nbsp;<\/p>\n","protected":false},"excerpt":{"rendered":"","protected":false},"author":11,"featured_media":8892,"comment_status":"open","ping_status":"closed","sticky":false,"template":"","format":"standard","meta":[],"categories":[34],"tags":[],"news-destination":[],"news-source":[],"is_homepage":[581],"ta_other":[],"_links":{"self":[{"href":"https:\/\/www.ilmercoledi.news\/ilmercoledi\/news\/wp-json\/wp\/v2\/posts\/50020"}],"collection":[{"href":"https:\/\/www.ilmercoledi.news\/ilmercoledi\/news\/wp-json\/wp\/v2\/posts"}],"about":[{"href":"https:\/\/www.ilmercoledi.news\/ilmercoledi\/news\/wp-json\/wp\/v2\/types\/post"}],"author":[{"embeddable":true,"href":"https:\/\/www.ilmercoledi.news\/ilmercoledi\/news\/wp-json\/wp\/v2\/users\/11"}],"replies":[{"embeddable":true,"href":"https:\/\/www.ilmercoledi.news\/ilmercoledi\/news\/wp-json\/wp\/v2\/comments?post=50020"}],"version-history":[{"count":1,"href":"https:\/\/www.ilmercoledi.news\/ilmercoledi\/news\/wp-json\/wp\/v2\/posts\/50020\/revisions"}],"predecessor-version":[{"id":68287,"href":"https:\/\/www.ilmercoledi.news\/ilmercoledi\/news\/wp-json\/wp\/v2\/posts\/50020\/revisions\/68287"}],"wp:featuredmedia":[{"embeddable":true,"href":"https:\/\/www.ilmercoledi.news\/ilmercoledi\/news\/wp-json\/wp\/v2\/media\/8892"}],"wp:attachment":[{"href":"https:\/\/www.ilmercoledi.news\/ilmercoledi\/news\/wp-json\/wp\/v2\/media?parent=50020"}],"wp:term":[{"taxonomy":"category","embeddable":true,"href":"https:\/\/www.ilmercoledi.news\/ilmercoledi\/news\/wp-json\/wp\/v2\/categories?post=50020"},{"taxonomy":"post_tag","embeddable":true,"href":"https:\/\/www.ilmercoledi.news\/ilmercoledi\/news\/wp-json\/wp\/v2\/tags?post=50020"},{"taxonomy":"news-destination","embeddable":true,"href":"https:\/\/www.ilmercoledi.news\/ilmercoledi\/news\/wp-json\/wp\/v2\/news-destination?post=50020"},{"taxonomy":"news-source","embeddable":true,"href":"https:\/\/www.ilmercoledi.news\/ilmercoledi\/news\/wp-json\/wp\/v2\/news-source?post=50020"},{"taxonomy":"is_homepage","embeddable":true,"href":"https:\/\/www.ilmercoledi.news\/ilmercoledi\/news\/wp-json\/wp\/v2\/is_homepage?post=50020"},{"taxonomy":"ta_other","embeddable":true,"href":"https:\/\/www.ilmercoledi.news\/ilmercoledi\/news\/wp-json\/wp\/v2\/ta_other?post=50020"}],"curies":[{"name":"wp","href":"https:\/\/api.w.org\/{rel}","templated":true}]}}