{"id":50053,"date":"2022-11-04T07:11:19","date_gmt":"2022-11-04T06:11:19","guid":{"rendered":"https:\/\/www-ilmercoledi-news-*.sitenm.com\/?p=50053"},"modified":"2024-08-29T07:00:01","modified_gmt":"2023-11-03T07:00:01","slug":"trofarello-cade-una-porzione-di-controsoffitto-alla-primaria-rodari","status":"publish","type":"post","link":"https:\/\/www.ilmercoledi.news\/2022\/11\/04\/trofarello-cade-una-porzione-di-controsoffitto-alla-primaria-rodari\/","title":{"rendered":"TROFARELLO &#8211; Cade una porzione di controsoffitto alla primaria Rodari"},"content":{"rendered":"<p>Paura nei giorni scorsi alla scuola primaria Rodari di Trofarello, a causa del cedimento di una porzione di controsoffitto in un&#8217;aula. La causa molto probabilmente \u00e8 da ricercare in alcune infiltrazioni d&#8217;acqua. A cadere \u00e8 stato un pezzo di pannello in polistirolo che non ha provocato alcun problema ai ragazzini in classe. il Comune \u00e8 prontamente intervenuto per riparare il danno e accertare il perch\u00e9 del problema.<\/p>\n","protected":false},"excerpt":{"rendered":"","protected":false},"author":11,"featured_media":50052,"comment_status":"open","ping_status":"closed","sticky":false,"template":"","format":"standard","meta":[],"categories":[34],"tags":[],"news-destination":[],"news-source":[],"is_homepage":[581],"ta_other":[],"_links":{"self":[{"href":"https:\/\/www.ilmercoledi.news\/ilmercoledi\/news\/wp-json\/wp\/v2\/posts\/50053"}],"collection":[{"href":"https:\/\/www.ilmercoledi.news\/ilmercoledi\/news\/wp-json\/wp\/v2\/posts"}],"about":[{"href":"https:\/\/www.ilmercoledi.news\/ilmercoledi\/news\/wp-json\/wp\/v2\/types\/post"}],"author":[{"embeddable":true,"href":"https:\/\/www.ilmercoledi.news\/ilmercoledi\/news\/wp-json\/wp\/v2\/users\/11"}],"replies":[{"embeddable":true,"href":"https:\/\/www.ilmercoledi.news\/ilmercoledi\/news\/wp-json\/wp\/v2\/comments?post=50053"}],"version-history":[{"count":1,"href":"https:\/\/www.ilmercoledi.news\/ilmercoledi\/news\/wp-json\/wp\/v2\/posts\/50053\/revisions"}],"predecessor-version":[{"id":68313,"href":"https:\/\/www.ilmercoledi.news\/ilmercoledi\/news\/wp-json\/wp\/v2\/posts\/50053\/revisions\/68313"}],"wp:featuredmedia":[{"embeddable":true,"href":"https:\/\/www.ilmercoledi.news\/ilmercoledi\/news\/wp-json\/wp\/v2\/media\/50052"}],"wp:attachment":[{"href":"https:\/\/www.ilmercoledi.news\/ilmercoledi\/news\/wp-json\/wp\/v2\/media?parent=50053"}],"wp:term":[{"taxonomy":"category","embeddable":true,"href":"https:\/\/www.ilmercoledi.news\/ilmercoledi\/news\/wp-json\/wp\/v2\/categories?post=50053"},{"taxonomy":"post_tag","embeddable":true,"href":"https:\/\/www.ilmercoledi.news\/ilmercoledi\/news\/wp-json\/wp\/v2\/tags?post=50053"},{"taxonomy":"news-destination","embeddable":true,"href":"https:\/\/www.ilmercoledi.news\/ilmercoledi\/news\/wp-json\/wp\/v2\/news-destination?post=50053"},{"taxonomy":"news-source","embeddable":true,"href":"https:\/\/www.ilmercoledi.news\/ilmercoledi\/news\/wp-json\/wp\/v2\/news-source?post=50053"},{"taxonomy":"is_homepage","embeddable":true,"href":"https:\/\/www.ilmercoledi.news\/ilmercoledi\/news\/wp-json\/wp\/v2\/is_homepage?post=50053"},{"taxonomy":"ta_other","embeddable":true,"href":"https:\/\/www.ilmercoledi.news\/ilmercoledi\/news\/wp-json\/wp\/v2\/ta_other?post=50053"}],"curies":[{"name":"wp","href":"https:\/\/api.w.org\/{rel}","templated":true}]}}