{"id":50101,"date":"2022-11-08T06:51:28","date_gmt":"2022-11-08T05:51:28","guid":{"rendered":"https:\/\/www-ilmercoledi-news-*.sitenm.com\/?p=50101"},"modified":"2024-08-29T07:00:01","modified_gmt":"2023-11-03T07:00:01","slug":"la-loggia-il-comune-esprime-cordoglio-per-la-tragedia-alla-alessio-tubi","status":"publish","type":"post","link":"https:\/\/www.ilmercoledi.news\/2022\/11\/08\/la-loggia-il-comune-esprime-cordoglio-per-la-tragedia-alla-alessio-tubi\/","title":{"rendered":"LA LOGGIA &#8211; Il Comune esprime cordoglio per la tragedia alla Alessio Tubi"},"content":{"rendered":"<p>il Comune di La Loggia, nella persona del sindaco Domenico Romano, si stringe attorno alla famiglia e ai colleghi di Mustapha El Miski, l&#8217;operaio morto ieri alla Alessio Tubi, schiacciato da una pila di tubi. &#8220;Quello che \u00e8 successo oggi colpisce e addolora tutta la nostra comunit\u00e0. A nome dell&#8217;amministrazione comunale di La Loggia e mio personale, esprimo il pi\u00f9 profondo cordoglio e la piena vicinanza ai famigliari del lavoratore deceduto sul luogo di lavoro. Il tema delle morti sul lavoro \u00e8 un&#8217;emergenza drammaticamente attuale, su cui bisogna tenere alta l&#8217;attenzione sempre, perch\u00e9 non \u00e8 accettabile che continuino ad accadere questi episodi. La salute e la sicurezza sul luogo di lavoro devono esser una priorit\u00e0 per tutti&#8221;.<\/p>\n<p>&nbsp;<\/p>\n","protected":false},"excerpt":{"rendered":"","protected":false},"author":11,"featured_media":1776,"comment_status":"open","ping_status":"closed","sticky":false,"template":"","format":"standard","meta":[],"categories":[34],"tags":[],"news-destination":[],"news-source":[],"is_homepage":[581],"ta_other":[],"_links":{"self":[{"href":"https:\/\/www.ilmercoledi.news\/ilmercoledi\/news\/wp-json\/wp\/v2\/posts\/50101"}],"collection":[{"href":"https:\/\/www.ilmercoledi.news\/ilmercoledi\/news\/wp-json\/wp\/v2\/posts"}],"about":[{"href":"https:\/\/www.ilmercoledi.news\/ilmercoledi\/news\/wp-json\/wp\/v2\/types\/post"}],"author":[{"embeddable":true,"href":"https:\/\/www.ilmercoledi.news\/ilmercoledi\/news\/wp-json\/wp\/v2\/users\/11"}],"replies":[{"embeddable":true,"href":"https:\/\/www.ilmercoledi.news\/ilmercoledi\/news\/wp-json\/wp\/v2\/comments?post=50101"}],"version-history":[{"count":1,"href":"https:\/\/www.ilmercoledi.news\/ilmercoledi\/news\/wp-json\/wp\/v2\/posts\/50101\/revisions"}],"predecessor-version":[{"id":68331,"href":"https:\/\/www.ilmercoledi.news\/ilmercoledi\/news\/wp-json\/wp\/v2\/posts\/50101\/revisions\/68331"}],"wp:featuredmedia":[{"embeddable":true,"href":"https:\/\/www.ilmercoledi.news\/ilmercoledi\/news\/wp-json\/wp\/v2\/media\/1776"}],"wp:attachment":[{"href":"https:\/\/www.ilmercoledi.news\/ilmercoledi\/news\/wp-json\/wp\/v2\/media?parent=50101"}],"wp:term":[{"taxonomy":"category","embeddable":true,"href":"https:\/\/www.ilmercoledi.news\/ilmercoledi\/news\/wp-json\/wp\/v2\/categories?post=50101"},{"taxonomy":"post_tag","embeddable":true,"href":"https:\/\/www.ilmercoledi.news\/ilmercoledi\/news\/wp-json\/wp\/v2\/tags?post=50101"},{"taxonomy":"news-destination","embeddable":true,"href":"https:\/\/www.ilmercoledi.news\/ilmercoledi\/news\/wp-json\/wp\/v2\/news-destination?post=50101"},{"taxonomy":"news-source","embeddable":true,"href":"https:\/\/www.ilmercoledi.news\/ilmercoledi\/news\/wp-json\/wp\/v2\/news-source?post=50101"},{"taxonomy":"is_homepage","embeddable":true,"href":"https:\/\/www.ilmercoledi.news\/ilmercoledi\/news\/wp-json\/wp\/v2\/is_homepage?post=50101"},{"taxonomy":"ta_other","embeddable":true,"href":"https:\/\/www.ilmercoledi.news\/ilmercoledi\/news\/wp-json\/wp\/v2\/ta_other?post=50101"}],"curies":[{"name":"wp","href":"https:\/\/api.w.org\/{rel}","templated":true}]}}