{"id":50285,"date":"2022-11-18T07:13:55","date_gmt":"2022-11-18T06:13:55","guid":{"rendered":"https:\/\/www-ilmercoledi-news-*.sitenm.com\/?p=50285"},"modified":"2024-08-29T06:59:59","modified_gmt":"2023-11-03T06:59:59","slug":"carmagnola-compie-106-anni-lalpino-giovanni-alutto","status":"publish","type":"post","link":"https:\/\/www.ilmercoledi.news\/2022\/11\/18\/carmagnola-compie-106-anni-lalpino-giovanni-alutto\/","title":{"rendered":"CARMAGNOLA &#8211; Compie 106 anni l&#8217;alpino Giovanni Alutto"},"content":{"rendered":"<p>L\u2019alpino Giovanni Alutto, uno degli ultimi reduci di Russia, ha compiuto 106 anni. E\u2019 nato nel 1916 a Barbaresco (Cuneo) da una famiglia di agricoltori. La sua avventura negli alpini inizia a 21 anni, come sergente maggiore al 2\u00b0 reggimento della Cuneense, battaglione Borgo San Dalmazzo. Nonostante l\u2019et\u00e0 \u00e8 assai attivo al Gruppo di Carmagnola al quale \u00e8 iscritto e partecipa a manifestazioni e iniziative dove mantiene viva la memoria, ricordando i compagni che non sono pi\u00f9 tornati dal fronte. Immancabile alle Adunate nazionali, a Rimini \u00e8 stato salutato da molti alpini, su tutti dal presidente nazionale Sebastiano Favero e dal comandante della Taurinense, generale Nicola Piasente.<\/p>\n","protected":false},"excerpt":{"rendered":"","protected":false},"author":11,"featured_media":50284,"comment_status":"open","ping_status":"closed","sticky":false,"template":"","format":"standard","meta":[],"categories":[34],"tags":[],"news-destination":[],"news-source":[],"is_homepage":[581],"ta_other":[],"_links":{"self":[{"href":"https:\/\/www.ilmercoledi.news\/ilmercoledi\/news\/wp-json\/wp\/v2\/posts\/50285"}],"collection":[{"href":"https:\/\/www.ilmercoledi.news\/ilmercoledi\/news\/wp-json\/wp\/v2\/posts"}],"about":[{"href":"https:\/\/www.ilmercoledi.news\/ilmercoledi\/news\/wp-json\/wp\/v2\/types\/post"}],"author":[{"embeddable":true,"href":"https:\/\/www.ilmercoledi.news\/ilmercoledi\/news\/wp-json\/wp\/v2\/users\/11"}],"replies":[{"embeddable":true,"href":"https:\/\/www.ilmercoledi.news\/ilmercoledi\/news\/wp-json\/wp\/v2\/comments?post=50285"}],"version-history":[{"count":1,"href":"https:\/\/www.ilmercoledi.news\/ilmercoledi\/news\/wp-json\/wp\/v2\/posts\/50285\/revisions"}],"predecessor-version":[{"id":68117,"href":"https:\/\/www.ilmercoledi.news\/ilmercoledi\/news\/wp-json\/wp\/v2\/posts\/50285\/revisions\/68117"}],"wp:featuredmedia":[{"embeddable":true,"href":"https:\/\/www.ilmercoledi.news\/ilmercoledi\/news\/wp-json\/wp\/v2\/media\/50284"}],"wp:attachment":[{"href":"https:\/\/www.ilmercoledi.news\/ilmercoledi\/news\/wp-json\/wp\/v2\/media?parent=50285"}],"wp:term":[{"taxonomy":"category","embeddable":true,"href":"https:\/\/www.ilmercoledi.news\/ilmercoledi\/news\/wp-json\/wp\/v2\/categories?post=50285"},{"taxonomy":"post_tag","embeddable":true,"href":"https:\/\/www.ilmercoledi.news\/ilmercoledi\/news\/wp-json\/wp\/v2\/tags?post=50285"},{"taxonomy":"news-destination","embeddable":true,"href":"https:\/\/www.ilmercoledi.news\/ilmercoledi\/news\/wp-json\/wp\/v2\/news-destination?post=50285"},{"taxonomy":"news-source","embeddable":true,"href":"https:\/\/www.ilmercoledi.news\/ilmercoledi\/news\/wp-json\/wp\/v2\/news-source?post=50285"},{"taxonomy":"is_homepage","embeddable":true,"href":"https:\/\/www.ilmercoledi.news\/ilmercoledi\/news\/wp-json\/wp\/v2\/is_homepage?post=50285"},{"taxonomy":"ta_other","embeddable":true,"href":"https:\/\/www.ilmercoledi.news\/ilmercoledi\/news\/wp-json\/wp\/v2\/ta_other?post=50285"}],"curies":[{"name":"wp","href":"https:\/\/api.w.org\/{rel}","templated":true}]}}