{"id":5047,"date":"2018-04-18T23:06:25","date_gmt":"2018-04-18T21:06:25","guid":{"rendered":"http:\/\/euwps02.tecnavia.com\/ilmercoledi\/news\/?p=5047"},"modified":"2018-04-18T23:06:28","modified_gmt":"2018-04-18T21:06:28","slug":"carmagnola-mostra-collettiva-lo-sguardo-degli-altri","status":"publish","type":"post","link":"https:\/\/www.ilmercoledi.news\/2018\/04\/18\/carmagnola-mostra-collettiva-lo-sguardo-degli-altri\/","title":{"rendered":"CARMAGNOLA &#8211; Mostra collettiva \u201cLo sguardo degli altri\u201d"},"content":{"rendered":"<p>La mostra collettiva \u201cLo sguardo degli altri\u201d, a cura di Elio Rabbione, sar\u00e0 esposta al pubblico nelle prestigiose sale di Palazzo Lomellini, piazza Sant\u2019Agostino 17, Carmagnola, dal 20 aprile al 20 maggio prossimi.\u00a0Frutto della collaborazione dell\u2019Associazione \u201cAmici di Palazzo Lomellini\u201d con l\u2019Assessorato alla Cultura del Comune di Carmagnola, la mostra vedr\u00e0 la partecipazione di ventitr\u00e9 artisti di decennale esperienza e dai nomi gi\u00e0 molto affermati in campo artistico regionale e nazionale. L\u2019esposizione, accompagnata da un catalogo illustrativo delle diverse tecniche impiegate dagli autori (oli, acquerelli, vetri, tecniche miste), sar\u00e0 l\u2019occasione per un incontro annuale nel corso del quale gli stessi pittori potranno confrontarsi, mettendosi l\u2019uno di fronte all\u2019altro, in quello scambio di opinioni critiche e tecniche significativo per il raggiungimento di traguardi sempre maggiori.\u00a0Un\u2019esperienza piacevole, potenziata anche dalla gioia di condividere con pubblico dei visitatori le personali ed ultime esperienze.<\/p>\n<p>L\u2019esposizione, composta da circa settanta opere, presenter\u00e0 alcune fra le pi\u00f9 belle creazioni degli artisti: Mauro Azzarita, Andreina Bertolini, Rita Carlini, Giorgio Cestari, Carlo Dezzani, Franco Fasano, Roberta Fassio, Silvia Finetti, Maria Rosa Gaude, Giancarlo Laurenti, Pippo Leocata, Giusi Maglione, Adelma Mapelli, Mario Menardi, Ingrid Mijich, Marina Monzeglio, Paolo Pirrone, Antonio Presti, Silvia Rege Cambrin, Giacomo Sampieri, Rosa Scotellaro, Gianni Sesia della Merla, Eleonora Tranfo.<\/p>\n<p>La mostra sar\u00e0 inaugurata venerd\u00ec 20 aprile alle ore 18,00.\u00a0Orari di apertura: gioved\u00ec, venerd\u00ec, sabato 15,30 \u2013 18,30\u00a0domenica 10,30 \u2013 12,30 \/ 15,30 \u2013 18,30\u00a0Per gruppi e scolaresche anche in altri orari su prenotazione\u00a0Info e prenotazioni: Comune di Carmagnola Ufficio Cultura, tel. 0119724238\u00a0musei@comune.carmagnola.to.it<\/p>\n","protected":false},"excerpt":{"rendered":"","protected":false},"author":11,"featured_media":2689,"comment_status":"open","ping_status":"closed","sticky":false,"template":"","format":"standard","meta":[],"categories":[34],"tags":[],"news-destination":[],"news-source":[],"is_homepage":[],"ta_other":[],"_links":{"self":[{"href":"https:\/\/www.ilmercoledi.news\/ilmercoledi\/news\/wp-json\/wp\/v2\/posts\/5047"}],"collection":[{"href":"https:\/\/www.ilmercoledi.news\/ilmercoledi\/news\/wp-json\/wp\/v2\/posts"}],"about":[{"href":"https:\/\/www.ilmercoledi.news\/ilmercoledi\/news\/wp-json\/wp\/v2\/types\/post"}],"author":[{"embeddable":true,"href":"https:\/\/www.ilmercoledi.news\/ilmercoledi\/news\/wp-json\/wp\/v2\/users\/11"}],"replies":[{"embeddable":true,"href":"https:\/\/www.ilmercoledi.news\/ilmercoledi\/news\/wp-json\/wp\/v2\/comments?post=5047"}],"version-history":[{"count":1,"href":"https:\/\/www.ilmercoledi.news\/ilmercoledi\/news\/wp-json\/wp\/v2\/posts\/5047\/revisions"}],"predecessor-version":[{"id":5048,"href":"https:\/\/www.ilmercoledi.news\/ilmercoledi\/news\/wp-json\/wp\/v2\/posts\/5047\/revisions\/5048"}],"wp:featuredmedia":[{"embeddable":true,"href":"https:\/\/www.ilmercoledi.news\/ilmercoledi\/news\/wp-json\/wp\/v2\/media\/2689"}],"wp:attachment":[{"href":"https:\/\/www.ilmercoledi.news\/ilmercoledi\/news\/wp-json\/wp\/v2\/media?parent=5047"}],"wp:term":[{"taxonomy":"category","embeddable":true,"href":"https:\/\/www.ilmercoledi.news\/ilmercoledi\/news\/wp-json\/wp\/v2\/categories?post=5047"},{"taxonomy":"post_tag","embeddable":true,"href":"https:\/\/www.ilmercoledi.news\/ilmercoledi\/news\/wp-json\/wp\/v2\/tags?post=5047"},{"taxonomy":"news-destination","embeddable":true,"href":"https:\/\/www.ilmercoledi.news\/ilmercoledi\/news\/wp-json\/wp\/v2\/news-destination?post=5047"},{"taxonomy":"news-source","embeddable":true,"href":"https:\/\/www.ilmercoledi.news\/ilmercoledi\/news\/wp-json\/wp\/v2\/news-source?post=5047"},{"taxonomy":"is_homepage","embeddable":true,"href":"https:\/\/www.ilmercoledi.news\/ilmercoledi\/news\/wp-json\/wp\/v2\/is_homepage?post=5047"},{"taxonomy":"ta_other","embeddable":true,"href":"https:\/\/www.ilmercoledi.news\/ilmercoledi\/news\/wp-json\/wp\/v2\/ta_other?post=5047"}],"curies":[{"name":"wp","href":"https:\/\/api.w.org\/{rel}","templated":true}]}}