{"id":50566,"date":"2022-12-06T07:20:41","date_gmt":"2022-12-06T06:20:41","guid":{"rendered":"https:\/\/www-ilmercoledi-news-*.sitenm.com\/?p=50566"},"modified":"2024-08-29T06:59:56","modified_gmt":"2023-11-03T06:59:56","slug":"moncalieri-alla-famija-si-presenta-il-libro-il-contrario-di-lei","status":"publish","type":"post","link":"https:\/\/www.ilmercoledi.news\/2022\/12\/06\/moncalieri-alla-famija-si-presenta-il-libro-il-contrario-di-lei\/","title":{"rendered":"MONCALIERI &#8211; Alla Famija si presenta il libro &#8216;Il contrario di Lei&#8217;"},"content":{"rendered":"<p>Oggi, 6 dicembre, alla Famija Moncaliereisa (ore 19) viene presentato il libro \u201cIl contrario di lei&#8221;\u00a0 Un romanzo caratterizzato da una speciale comicit\u00e0, sabauda, mai sguaiata, ma acuta e puntuale, e ha un suo umorismo sociale che mette alla berlina tipi umani della- torinesit\u00e0 e non solo. Il tratto pi\u00f9 rilevante di Sergio Bergese \u00e8 il contrasto dato dalla sua prosa piana con le vicende che narra.<\/p>\n","protected":false},"excerpt":{"rendered":"","protected":false},"author":11,"featured_media":6971,"comment_status":"open","ping_status":"closed","sticky":false,"template":"","format":"standard","meta":[],"categories":[34],"tags":[],"news-destination":[],"news-source":[],"is_homepage":[581],"ta_other":[],"_links":{"self":[{"href":"https:\/\/www.ilmercoledi.news\/ilmercoledi\/news\/wp-json\/wp\/v2\/posts\/50566"}],"collection":[{"href":"https:\/\/www.ilmercoledi.news\/ilmercoledi\/news\/wp-json\/wp\/v2\/posts"}],"about":[{"href":"https:\/\/www.ilmercoledi.news\/ilmercoledi\/news\/wp-json\/wp\/v2\/types\/post"}],"author":[{"embeddable":true,"href":"https:\/\/www.ilmercoledi.news\/ilmercoledi\/news\/wp-json\/wp\/v2\/users\/11"}],"replies":[{"embeddable":true,"href":"https:\/\/www.ilmercoledi.news\/ilmercoledi\/news\/wp-json\/wp\/v2\/comments?post=50566"}],"version-history":[{"count":1,"href":"https:\/\/www.ilmercoledi.news\/ilmercoledi\/news\/wp-json\/wp\/v2\/posts\/50566\/revisions"}],"predecessor-version":[{"id":68008,"href":"https:\/\/www.ilmercoledi.news\/ilmercoledi\/news\/wp-json\/wp\/v2\/posts\/50566\/revisions\/68008"}],"wp:featuredmedia":[{"embeddable":true,"href":"https:\/\/www.ilmercoledi.news\/ilmercoledi\/news\/wp-json\/wp\/v2\/media\/6971"}],"wp:attachment":[{"href":"https:\/\/www.ilmercoledi.news\/ilmercoledi\/news\/wp-json\/wp\/v2\/media?parent=50566"}],"wp:term":[{"taxonomy":"category","embeddable":true,"href":"https:\/\/www.ilmercoledi.news\/ilmercoledi\/news\/wp-json\/wp\/v2\/categories?post=50566"},{"taxonomy":"post_tag","embeddable":true,"href":"https:\/\/www.ilmercoledi.news\/ilmercoledi\/news\/wp-json\/wp\/v2\/tags?post=50566"},{"taxonomy":"news-destination","embeddable":true,"href":"https:\/\/www.ilmercoledi.news\/ilmercoledi\/news\/wp-json\/wp\/v2\/news-destination?post=50566"},{"taxonomy":"news-source","embeddable":true,"href":"https:\/\/www.ilmercoledi.news\/ilmercoledi\/news\/wp-json\/wp\/v2\/news-source?post=50566"},{"taxonomy":"is_homepage","embeddable":true,"href":"https:\/\/www.ilmercoledi.news\/ilmercoledi\/news\/wp-json\/wp\/v2\/is_homepage?post=50566"},{"taxonomy":"ta_other","embeddable":true,"href":"https:\/\/www.ilmercoledi.news\/ilmercoledi\/news\/wp-json\/wp\/v2\/ta_other?post=50566"}],"curies":[{"name":"wp","href":"https:\/\/api.w.org\/{rel}","templated":true}]}}