{"id":50618,"date":"2022-12-08T08:24:12","date_gmt":"2022-12-08T07:24:12","guid":{"rendered":"https:\/\/www-ilmercoledi-news-*.sitenm.com\/?p=50618"},"modified":"2024-08-29T06:59:56","modified_gmt":"2023-11-03T06:59:56","slug":"pecetto-rapina-allufficio-postale-rubati-35-mila-euro","status":"publish","type":"post","link":"https:\/\/www.ilmercoledi.news\/2022\/12\/08\/pecetto-rapina-allufficio-postale-rubati-35-mila-euro\/","title":{"rendered":"PECETTO &#8211; Rapina all&#8217;ufficio postale; rubati 35 mila euro"},"content":{"rendered":"<p>Marted\u00ec mattina \u00e8 stato rapinato l&#8217;ufficio postale di Pecetto in via Gibellini. Un uomo \u00e8 entrato armato di pistola e con il volto coperto ha obbligato la direttrice ad attendere insieme l&#8217;apertura della cassaforte temporizzata. Dieci minuti di terrore e attesa. L&#8217;uomo ha poi svuotato il contenuto portando via circa 35 mila euro in contanti. \u00c8 fuggito da una porta posteriore e ora i carabinieri stanno indagando per riuscire a risalire alla sua identit\u00e0.<\/p>\n","protected":false},"excerpt":{"rendered":"","protected":false},"author":11,"featured_media":4609,"comment_status":"open","ping_status":"closed","sticky":false,"template":"","format":"standard","meta":[],"categories":[34],"tags":[],"news-destination":[],"news-source":[],"is_homepage":[581],"ta_other":[],"_links":{"self":[{"href":"https:\/\/www.ilmercoledi.news\/ilmercoledi\/news\/wp-json\/wp\/v2\/posts\/50618"}],"collection":[{"href":"https:\/\/www.ilmercoledi.news\/ilmercoledi\/news\/wp-json\/wp\/v2\/posts"}],"about":[{"href":"https:\/\/www.ilmercoledi.news\/ilmercoledi\/news\/wp-json\/wp\/v2\/types\/post"}],"author":[{"embeddable":true,"href":"https:\/\/www.ilmercoledi.news\/ilmercoledi\/news\/wp-json\/wp\/v2\/users\/11"}],"replies":[{"embeddable":true,"href":"https:\/\/www.ilmercoledi.news\/ilmercoledi\/news\/wp-json\/wp\/v2\/comments?post=50618"}],"version-history":[{"count":1,"href":"https:\/\/www.ilmercoledi.news\/ilmercoledi\/news\/wp-json\/wp\/v2\/posts\/50618\/revisions"}],"predecessor-version":[{"id":68058,"href":"https:\/\/www.ilmercoledi.news\/ilmercoledi\/news\/wp-json\/wp\/v2\/posts\/50618\/revisions\/68058"}],"wp:featuredmedia":[{"embeddable":true,"href":"https:\/\/www.ilmercoledi.news\/ilmercoledi\/news\/wp-json\/wp\/v2\/media\/4609"}],"wp:attachment":[{"href":"https:\/\/www.ilmercoledi.news\/ilmercoledi\/news\/wp-json\/wp\/v2\/media?parent=50618"}],"wp:term":[{"taxonomy":"category","embeddable":true,"href":"https:\/\/www.ilmercoledi.news\/ilmercoledi\/news\/wp-json\/wp\/v2\/categories?post=50618"},{"taxonomy":"post_tag","embeddable":true,"href":"https:\/\/www.ilmercoledi.news\/ilmercoledi\/news\/wp-json\/wp\/v2\/tags?post=50618"},{"taxonomy":"news-destination","embeddable":true,"href":"https:\/\/www.ilmercoledi.news\/ilmercoledi\/news\/wp-json\/wp\/v2\/news-destination?post=50618"},{"taxonomy":"news-source","embeddable":true,"href":"https:\/\/www.ilmercoledi.news\/ilmercoledi\/news\/wp-json\/wp\/v2\/news-source?post=50618"},{"taxonomy":"is_homepage","embeddable":true,"href":"https:\/\/www.ilmercoledi.news\/ilmercoledi\/news\/wp-json\/wp\/v2\/is_homepage?post=50618"},{"taxonomy":"ta_other","embeddable":true,"href":"https:\/\/www.ilmercoledi.news\/ilmercoledi\/news\/wp-json\/wp\/v2\/ta_other?post=50618"}],"curies":[{"name":"wp","href":"https:\/\/api.w.org\/{rel}","templated":true}]}}