{"id":50645,"date":"2022-12-07T12:42:58","date_gmt":"2022-12-07T11:42:58","guid":{"rendered":"https:\/\/www-ilmercoledi-news-*.sitenm.com\/?p=50645"},"modified":"2024-08-29T06:59:56","modified_gmt":"2023-11-03T06:59:56","slug":"caro-estinto-scandurra-denuncia-compravendita-di-defunti","status":"publish","type":"post","link":"https:\/\/www.ilmercoledi.news\/2022\/12\/07\/caro-estinto-scandurra-denuncia-compravendita-di-defunti\/","title":{"rendered":"Caro estinto: Scandurra denuncia compravendita di defunti"},"content":{"rendered":"<p>Ritorna d\u2019attualit\u00e0 il tema del racket del &#8220;caro estinto&#8221;, con l\u2019ipotesi della compravendita dei cadaveri nei luoghi dove decedono. Ad accedere i riflettori sono recenti fatti di cronaca successi a Faenza, Ravenna e Saronno, di cui si \u00e8 occupata in questi giorni anche la trasmissione tv \u2018Siamo Noi\u2019 di \u2018Tv2000\u2019. Su questo spinoso tema \u00e8 partita una forte campagna di sensibilizzazione dell\u2019opinione pubblica condotta da Maurizio Scandurra.<\/p>\n<p>Il giornalista radiotelevisivo cattolico, spesso ospite a \u2018La Zanzara\u2019 di \u2018Radio24\u2019 di Giuseppe Cruciani e David Parenzo (dove ne ha pi\u00f9 volte parlato ampiamente) oltre che in tv a \u2018Canale Italia\u2019 e sulle frequenze della seguitissima talk-radio italiana \u2018Radio Radio\u2019, \u00e8 protagonista di un video-inchiesta firmato dal regista Maurizio Morgia. Un progetto nato allo scopo di contrastare questa turpe piaga facendo sana informazione in rete.<\/p>\n<p>Il filmato &#8211; volutamente girato fra il 31 ottobre e il 2 novembre nella suggestiva location dello storico cimitero ottocentesco napoleonico di Fiorano Canavese, nel torinese &#8211; \u00e8 disponibile sulla home page di molti quotidiani on line del Nord Ovest a partire da gioved\u00ec 8 dicembre, \u201cIn occasione della Solennit\u00e0 dell\u2019Immacolata Concezione: giorno in cui si celebra la Vita\u201d, esordisce l\u2019opinionista tv.<\/p>\n<p><img alt=\"Caro estinto: Scandurra denuncia compravendita di defunti\" title=\"Caro estinto: Scandurra denuncia compravendita di defunti\" loading=\"lazy\" class=\"wp-image-52117 aligncenter\" src=\"https:\/\/www.ilmercoledi.news\/ilmercoledi\/news\/wp-content\/uploads\/sites\/3\/2022\/12\/SCANDURRA-CONTRO-RACKET-CARO-ESTINTO-300x157.jpg\" alt=\"\" width=\"652\" height=\"341\" \/><\/p>\n<p><em>\u201cCon la liberalizzazione delle licenze funebri nel 1998, le imprese del settore si sono moltiplicate. Molte delle quali, per competere slealmente, intessono relazioni criminose occulte all\u2019interno dei luoghi di cura e riposo con gli addetti alle camere mortuarie per aggiudicarsi corpi e funerali a suon di \u2018mance\u2019 espressamente vietate dai correnti regolamenti di Polizia Mortuaria\u201d,<\/em> spiega Scandurra.<\/p>\n<p>Che ricorda poi come <em>\u201cConsigliare imprese funebri in ospedale ed Rsa \u00e8 reato. E chi, nell\u2019ora del dolore, cade nel tranello credendo che qualcuno gli offra una via privilegiata per risolvere il problema della sepoltura del congiunto, in realt\u00e0 \u00e8 come se stesse vendendo il proprio caro al miglior offerente\u201d.<\/em> In questo settore operano anche aziende legate alla criminalit\u00e0 che potrebbero riciclare nel commercio delle salme denaro proveniente da attivit\u00e0 illecite. <em>\u201cIn questo modo si penalizzano gli operatori onesti del settore<\/em> \u2013 sottolinea Scandurra &#8211; \u00a0<em>Torino, Ivrea, Milano, Bologna, Campania e Sicilia tra le citt\u00e0 e le regioni pi\u00f9 colpite\u201d.<\/em><\/p>\n<h2>Settore con un fatturato da 2,2 miliardi all&#8217;anno<\/h2>\n<p>Nel suo video il giornalista mette in guardia <em>\u201cdai comportamenti \u2018interessati\u2019 con cui \u00e8 facile venire a contatto nelle camere mortuarie quando si \u00e8 pi\u00f9 vulnerabili per la perdita di una persona cara. Bisogna contrastare l\u2019abominevole asta dei corpi che, specialmente dopo il Covid, interessa circa il 70% dei decessi esterni che avvengono al di fuori delle mura domestiche. Ricordo che questo settore ogni anno produce un Pil pari a 2,2 miliardi di euro e impiega pi\u00f9 di 50mila risorse umane dirette e indirette\u201d.<\/em><\/p>\n<p>Ma una domanda \u00e8 legittima: perch\u00e9 Lei, Scandurra si \u00e8 gettato con questa passione sull\u2019argomento?: <em>\u201cHo scelto di scendere in campo per contrastare uno scempio che va in scena quotidianamente laddove si soffre. Complice anche il dilagare di chat anonime che rendono pi\u00f9 difficile intercettarne gli autori. Per tutelare altres\u00ec tutti quegli eroi onesti che ogni giorno lavorano seriamente in ospedale e in Rsa. E con loro tutte le onoranze funebri corrette che dicono \u2018No\u2019 alla compravendita dei cadaveri\u2019. Un tema delicato, altrettanto scomodo, che merita invece pi\u00f9 attenzione e spazio. Perch\u00e9 il rispetto per i defunti \u00e8 la prima forma di civilt\u00e0\u201d,<\/em> chiosa Maurizio Scandurra, considerato fra i pi\u00f9 aggiornati studiosi ed esperti del settore, spesso voce autorevole sul tema anche per l\u2019agenzia di stampa Ansa. Che ricorda altres\u00ec come <em>\u201cIl funerale \u00e8 una prestazione esente Iva, cosa che pochissimi sanno, e chiunque prometta sconti o azzeramento dell\u2019aliquota in cambio di somme di denaro in nero commette una truffa\u201d. <\/em>Occhi bene aperti, dunque, in camera mortuaria.<\/p>\n","protected":false},"excerpt":{"rendered":"","protected":false},"author":6,"featured_media":50644,"comment_status":"open","ping_status":"closed","sticky":false,"template":"","format":"standard","meta":[],"categories":[395],"tags":[419],"news-destination":[],"news-source":[],"is_homepage":[581],"ta_other":[],"_links":{"self":[{"href":"https:\/\/www.ilmercoledi.news\/ilmercoledi\/news\/wp-json\/wp\/v2\/posts\/50645"}],"collection":[{"href":"https:\/\/www.ilmercoledi.news\/ilmercoledi\/news\/wp-json\/wp\/v2\/posts"}],"about":[{"href":"https:\/\/www.ilmercoledi.news\/ilmercoledi\/news\/wp-json\/wp\/v2\/types\/post"}],"author":[{"embeddable":true,"href":"https:\/\/www.ilmercoledi.news\/ilmercoledi\/news\/wp-json\/wp\/v2\/users\/6"}],"replies":[{"embeddable":true,"href":"https:\/\/www.ilmercoledi.news\/ilmercoledi\/news\/wp-json\/wp\/v2\/comments?post=50645"}],"version-history":[{"count":1,"href":"https:\/\/www.ilmercoledi.news\/ilmercoledi\/news\/wp-json\/wp\/v2\/posts\/50645\/revisions"}],"predecessor-version":[{"id":68055,"href":"https:\/\/www.ilmercoledi.news\/ilmercoledi\/news\/wp-json\/wp\/v2\/posts\/50645\/revisions\/68055"}],"wp:featuredmedia":[{"embeddable":true,"href":"https:\/\/www.ilmercoledi.news\/ilmercoledi\/news\/wp-json\/wp\/v2\/media\/50644"}],"wp:attachment":[{"href":"https:\/\/www.ilmercoledi.news\/ilmercoledi\/news\/wp-json\/wp\/v2\/media?parent=50645"}],"wp:term":[{"taxonomy":"category","embeddable":true,"href":"https:\/\/www.ilmercoledi.news\/ilmercoledi\/news\/wp-json\/wp\/v2\/categories?post=50645"},{"taxonomy":"post_tag","embeddable":true,"href":"https:\/\/www.ilmercoledi.news\/ilmercoledi\/news\/wp-json\/wp\/v2\/tags?post=50645"},{"taxonomy":"news-destination","embeddable":true,"href":"https:\/\/www.ilmercoledi.news\/ilmercoledi\/news\/wp-json\/wp\/v2\/news-destination?post=50645"},{"taxonomy":"news-source","embeddable":true,"href":"https:\/\/www.ilmercoledi.news\/ilmercoledi\/news\/wp-json\/wp\/v2\/news-source?post=50645"},{"taxonomy":"is_homepage","embeddable":true,"href":"https:\/\/www.ilmercoledi.news\/ilmercoledi\/news\/wp-json\/wp\/v2\/is_homepage?post=50645"},{"taxonomy":"ta_other","embeddable":true,"href":"https:\/\/www.ilmercoledi.news\/ilmercoledi\/news\/wp-json\/wp\/v2\/ta_other?post=50645"}],"curies":[{"name":"wp","href":"https:\/\/api.w.org\/{rel}","templated":true}]}}