{"id":50806,"date":"2022-12-20T06:55:40","date_gmt":"2022-12-20T05:55:40","guid":{"rendered":"https:\/\/www-ilmercoledi-news-*.sitenm.com\/?p=50806"},"modified":"2024-08-29T06:59:55","modified_gmt":"2023-11-03T06:59:55","slug":"moncalieri-finisce-un-anno-trionfale-per-il-castello","status":"publish","type":"post","link":"https:\/\/www.ilmercoledi.news\/2022\/12\/20\/moncalieri-finisce-un-anno-trionfale-per-il-castello\/","title":{"rendered":"MONCALIERI &#8211; Finisce un anno trionfale per il castello"},"content":{"rendered":"<p>Boom di visitatori a Moncalieri nel 2022 per il Castello Reale\u00a0Nell\u2019anno che volge al termine i biglietti staccati sono stati 11.763, il doppio quindi rispetto ai 5.772 del 2021, che aveva comunque registrato un incremento del 120 per cento rispetto all\u2019anno precedente. Anno che per\u00f2 era il 2020: ovvero l\u2019anno in cui le restrizioni pandemiche hanno avuto l\u2019impatto pi\u00f9 vasto, sia in termini di mesi di chiusura (il Castello riapr\u00ec solo per la stagione estiva e una parte dell\u2019autunno) sia di limitazioni al tetto massimo di visitatori per turno (8).<\/p>\n<p>\u201cRegistriamo un incremento\u00a0consistente degli accessi\u00a0e la cosa fa ovviamente molto piacere \u2013 commenta il direttore del Castello, Riccardo Vitale \u2013 Un indubbio merito dell\u2019\u00e9quipe di lavoro che mi affianca e delle varie professionalit\u00e0 coinvolte. E della collaborazione molto stretta in termini di programmazione e scambi con la Citt\u00e0 di Moncalieri, i Carabinieri del Primo Reggimento, il Consorzio delle Residenze Reali Sabaude. Alla base di tutto c\u2019\u00e8 un accordo di valorizzazione tra noi e questi soggetti che, dai numeri che leggiamo, si sta rivelando una scelta vincente\u201d.<\/p>\n<p>&nbsp;<\/p>\n<p>\u201cE\u2019 stupendo vedere come il Castello Reale abbia ormai un posto fisso nel cuore del pubblico, anche grazie a una politica culturale cittadina che si occupa anche della valorizzazione di quel comprensorio, includendo nell\u2019analisi le molte azioni intraprese sul Giardino delle Rose e sul Parco Storico, e rientranti nel progetto Moncalieri Citt\u00e0 nel Verde &#8211; commenta Laura Pompeo, Assessore alla Cultura e alle Residenze reali \u2013 Gli appartamenti reali sono la chiave di volta dell\u2019intero discorso: un gioiello che seppimo restituire al suo splendore e al pubblico, nel 2017, dopo 9 anni di chiusura dovuti all\u2019incendio del 2008. E che non abbiamo smesso di lottare perch\u00e9 ne venisse confermata l\u2019apertura alle visite anche negli anni di maggior rischio dovuti all\u2019impatto della pandemia\u201d.<\/p>\n","protected":false},"excerpt":{"rendered":"","protected":false},"author":11,"featured_media":48318,"comment_status":"open","ping_status":"closed","sticky":false,"template":"","format":"standard","meta":[],"categories":[34],"tags":[],"news-destination":[],"news-source":[],"is_homepage":[581],"ta_other":[],"_links":{"self":[{"href":"https:\/\/www.ilmercoledi.news\/ilmercoledi\/news\/wp-json\/wp\/v2\/posts\/50806"}],"collection":[{"href":"https:\/\/www.ilmercoledi.news\/ilmercoledi\/news\/wp-json\/wp\/v2\/posts"}],"about":[{"href":"https:\/\/www.ilmercoledi.news\/ilmercoledi\/news\/wp-json\/wp\/v2\/types\/post"}],"author":[{"embeddable":true,"href":"https:\/\/www.ilmercoledi.news\/ilmercoledi\/news\/wp-json\/wp\/v2\/users\/11"}],"replies":[{"embeddable":true,"href":"https:\/\/www.ilmercoledi.news\/ilmercoledi\/news\/wp-json\/wp\/v2\/comments?post=50806"}],"version-history":[{"count":1,"href":"https:\/\/www.ilmercoledi.news\/ilmercoledi\/news\/wp-json\/wp\/v2\/posts\/50806\/revisions"}],"predecessor-version":[{"id":67921,"href":"https:\/\/www.ilmercoledi.news\/ilmercoledi\/news\/wp-json\/wp\/v2\/posts\/50806\/revisions\/67921"}],"wp:featuredmedia":[{"embeddable":true,"href":"https:\/\/www.ilmercoledi.news\/ilmercoledi\/news\/wp-json\/wp\/v2\/media\/48318"}],"wp:attachment":[{"href":"https:\/\/www.ilmercoledi.news\/ilmercoledi\/news\/wp-json\/wp\/v2\/media?parent=50806"}],"wp:term":[{"taxonomy":"category","embeddable":true,"href":"https:\/\/www.ilmercoledi.news\/ilmercoledi\/news\/wp-json\/wp\/v2\/categories?post=50806"},{"taxonomy":"post_tag","embeddable":true,"href":"https:\/\/www.ilmercoledi.news\/ilmercoledi\/news\/wp-json\/wp\/v2\/tags?post=50806"},{"taxonomy":"news-destination","embeddable":true,"href":"https:\/\/www.ilmercoledi.news\/ilmercoledi\/news\/wp-json\/wp\/v2\/news-destination?post=50806"},{"taxonomy":"news-source","embeddable":true,"href":"https:\/\/www.ilmercoledi.news\/ilmercoledi\/news\/wp-json\/wp\/v2\/news-source?post=50806"},{"taxonomy":"is_homepage","embeddable":true,"href":"https:\/\/www.ilmercoledi.news\/ilmercoledi\/news\/wp-json\/wp\/v2\/is_homepage?post=50806"},{"taxonomy":"ta_other","embeddable":true,"href":"https:\/\/www.ilmercoledi.news\/ilmercoledi\/news\/wp-json\/wp\/v2\/ta_other?post=50806"}],"curies":[{"name":"wp","href":"https:\/\/api.w.org\/{rel}","templated":true}]}}