{"id":50982,"date":"2022-12-29T07:16:59","date_gmt":"2022-12-29T06:16:59","guid":{"rendered":"https:\/\/www-ilmercoledi-news-*.sitenm.com\/?p=50982"},"modified":"2024-08-29T06:59:54","modified_gmt":"2023-11-03T06:59:54","slug":"carmagnola-attacco-del-pd-sul-tema-del-consumo-di-suolo","status":"publish","type":"post","link":"https:\/\/www.ilmercoledi.news\/2022\/12\/29\/carmagnola-attacco-del-pd-sul-tema-del-consumo-di-suolo\/","title":{"rendered":"CARMAGNOLA &#8211; Attacco del Pd sul tema del consumo di suolo"},"content":{"rendered":"<p>&#8220;Ancora una volta la maggioranza boccia una nostra mozione: la proposta di fermare la cementificazione su suolo agricolo nel nostro territorio viene respinta dalla totalit\u00e0 dei nostri amministratori di centrodestra&#8221;. Duro attacco del Pd di Carmagnola sul tema del consumo di suolo. In una nota, il partito rimarca: &#8220;Noi pensiamo che continuare a utilizzare suolo, in particolare suolo agricolo di pregio, per costruire magazzini e depositi logistici sia una visione miope del futuro della nostra citt\u00e0. Evidenziamo che questi nuovi insediamenti portano inevitabilmente un aumento incontrollato del traffico pesante che gi\u00e0 soffoca la nostra citt\u00e0 e congestiona anche gli spostamenti interni, con un aumento vertiginoso dei livelli di inquinamento. Questo ha ulteriori conseguenze sulla nostra salute, sul benessere personale, nonch\u00e9 sul valore delle nostre abitazioni che progressivamente si deprezzano perch\u00e9 inserite in un contesto urbano troppo cementificato&#8221;.<\/p>\n<p>&nbsp;<\/p>\n","protected":false},"excerpt":{"rendered":"","protected":false},"author":11,"featured_media":4293,"comment_status":"open","ping_status":"closed","sticky":false,"template":"","format":"standard","meta":[],"categories":[34],"tags":[],"news-destination":[],"news-source":[],"is_homepage":[581],"ta_other":[],"_links":{"self":[{"href":"https:\/\/www.ilmercoledi.news\/ilmercoledi\/news\/wp-json\/wp\/v2\/posts\/50982"}],"collection":[{"href":"https:\/\/www.ilmercoledi.news\/ilmercoledi\/news\/wp-json\/wp\/v2\/posts"}],"about":[{"href":"https:\/\/www.ilmercoledi.news\/ilmercoledi\/news\/wp-json\/wp\/v2\/types\/post"}],"author":[{"embeddable":true,"href":"https:\/\/www.ilmercoledi.news\/ilmercoledi\/news\/wp-json\/wp\/v2\/users\/11"}],"replies":[{"embeddable":true,"href":"https:\/\/www.ilmercoledi.news\/ilmercoledi\/news\/wp-json\/wp\/v2\/comments?post=50982"}],"version-history":[{"count":1,"href":"https:\/\/www.ilmercoledi.news\/ilmercoledi\/news\/wp-json\/wp\/v2\/posts\/50982\/revisions"}],"predecessor-version":[{"id":67820,"href":"https:\/\/www.ilmercoledi.news\/ilmercoledi\/news\/wp-json\/wp\/v2\/posts\/50982\/revisions\/67820"}],"wp:featuredmedia":[{"embeddable":true,"href":"https:\/\/www.ilmercoledi.news\/ilmercoledi\/news\/wp-json\/wp\/v2\/media\/4293"}],"wp:attachment":[{"href":"https:\/\/www.ilmercoledi.news\/ilmercoledi\/news\/wp-json\/wp\/v2\/media?parent=50982"}],"wp:term":[{"taxonomy":"category","embeddable":true,"href":"https:\/\/www.ilmercoledi.news\/ilmercoledi\/news\/wp-json\/wp\/v2\/categories?post=50982"},{"taxonomy":"post_tag","embeddable":true,"href":"https:\/\/www.ilmercoledi.news\/ilmercoledi\/news\/wp-json\/wp\/v2\/tags?post=50982"},{"taxonomy":"news-destination","embeddable":true,"href":"https:\/\/www.ilmercoledi.news\/ilmercoledi\/news\/wp-json\/wp\/v2\/news-destination?post=50982"},{"taxonomy":"news-source","embeddable":true,"href":"https:\/\/www.ilmercoledi.news\/ilmercoledi\/news\/wp-json\/wp\/v2\/news-source?post=50982"},{"taxonomy":"is_homepage","embeddable":true,"href":"https:\/\/www.ilmercoledi.news\/ilmercoledi\/news\/wp-json\/wp\/v2\/is_homepage?post=50982"},{"taxonomy":"ta_other","embeddable":true,"href":"https:\/\/www.ilmercoledi.news\/ilmercoledi\/news\/wp-json\/wp\/v2\/ta_other?post=50982"}],"curies":[{"name":"wp","href":"https:\/\/api.w.org\/{rel}","templated":true}]}}