{"id":51039,"date":"2023-01-09T14:51:32","date_gmt":"2023-01-09T13:51:32","guid":{"rendered":"https:\/\/www-ilmercoledi-news-*.sitenm.com\/?p=51039"},"modified":"2024-08-29T06:59:49","modified_gmt":"2023-11-03T06:59:49","slug":"ambiente-buona-la-qualita-dellaria-il-semaforo-antismog-resta-bianco","status":"publish","type":"post","link":"https:\/\/www.ilmercoledi.news\/2023\/01\/09\/ambiente-buona-la-qualita-dellaria-il-semaforo-antismog-resta-bianco\/","title":{"rendered":"AMBIENTE &#8211; Buona la qualit\u00e0 dell&#8217;aria, il semaforo antismog resta bianco"},"content":{"rendered":"<p>Sulla base dei dati previsionali sulla qualit\u00e0 dell\u2019aria forniti oggi da Arpa Piemonte \u00e8 stato confermato il livello 0 (bianco) delle misure antismog. Fino a mercoled\u00ec 11 gennaio 2023 &#8211; prossimo giorno di controllo &#8211; resteranno pertanto in vigore le sole misure strutturali di limitazione al traffico.<\/p>\n<p>Eventuali variazioni del semaforo antismog in vigore, con le relative misure di limitazione del traffico, verranno comunicate il luned\u00ec, mercoled\u00ec e venerd\u00ec, giorni di controllo sui dati previsionali di PM10, ed entreranno in vigore il giorno successivo.<\/p>\n","protected":false},"excerpt":{"rendered":"","protected":false},"author":11,"featured_media":37523,"comment_status":"open","ping_status":"closed","sticky":false,"template":"","format":"standard","meta":[],"categories":[34],"tags":[],"news-destination":[],"news-source":[],"is_homepage":[581],"ta_other":[],"_links":{"self":[{"href":"https:\/\/www.ilmercoledi.news\/ilmercoledi\/news\/wp-json\/wp\/v2\/posts\/51039"}],"collection":[{"href":"https:\/\/www.ilmercoledi.news\/ilmercoledi\/news\/wp-json\/wp\/v2\/posts"}],"about":[{"href":"https:\/\/www.ilmercoledi.news\/ilmercoledi\/news\/wp-json\/wp\/v2\/types\/post"}],"author":[{"embeddable":true,"href":"https:\/\/www.ilmercoledi.news\/ilmercoledi\/news\/wp-json\/wp\/v2\/users\/11"}],"replies":[{"embeddable":true,"href":"https:\/\/www.ilmercoledi.news\/ilmercoledi\/news\/wp-json\/wp\/v2\/comments?post=51039"}],"version-history":[{"count":1,"href":"https:\/\/www.ilmercoledi.news\/ilmercoledi\/news\/wp-json\/wp\/v2\/posts\/51039\/revisions"}],"predecessor-version":[{"id":67722,"href":"https:\/\/www.ilmercoledi.news\/ilmercoledi\/news\/wp-json\/wp\/v2\/posts\/51039\/revisions\/67722"}],"wp:featuredmedia":[{"embeddable":true,"href":"https:\/\/www.ilmercoledi.news\/ilmercoledi\/news\/wp-json\/wp\/v2\/media\/37523"}],"wp:attachment":[{"href":"https:\/\/www.ilmercoledi.news\/ilmercoledi\/news\/wp-json\/wp\/v2\/media?parent=51039"}],"wp:term":[{"taxonomy":"category","embeddable":true,"href":"https:\/\/www.ilmercoledi.news\/ilmercoledi\/news\/wp-json\/wp\/v2\/categories?post=51039"},{"taxonomy":"post_tag","embeddable":true,"href":"https:\/\/www.ilmercoledi.news\/ilmercoledi\/news\/wp-json\/wp\/v2\/tags?post=51039"},{"taxonomy":"news-destination","embeddable":true,"href":"https:\/\/www.ilmercoledi.news\/ilmercoledi\/news\/wp-json\/wp\/v2\/news-destination?post=51039"},{"taxonomy":"news-source","embeddable":true,"href":"https:\/\/www.ilmercoledi.news\/ilmercoledi\/news\/wp-json\/wp\/v2\/news-source?post=51039"},{"taxonomy":"is_homepage","embeddable":true,"href":"https:\/\/www.ilmercoledi.news\/ilmercoledi\/news\/wp-json\/wp\/v2\/is_homepage?post=51039"},{"taxonomy":"ta_other","embeddable":true,"href":"https:\/\/www.ilmercoledi.news\/ilmercoledi\/news\/wp-json\/wp\/v2\/ta_other?post=51039"}],"curies":[{"name":"wp","href":"https:\/\/api.w.org\/{rel}","templated":true}]}}