{"id":51062,"date":"2023-01-10T07:36:26","date_gmt":"2023-01-10T06:36:26","guid":{"rendered":"https:\/\/www-ilmercoledi-news-*.sitenm.com\/?p=51062"},"modified":"2024-08-29T06:59:49","modified_gmt":"2023-11-03T06:59:49","slug":"villastellone-la-giunta-sopprime-lincasso-dei-diritti-di-segreteria-per-certificati-anagrafici","status":"publish","type":"post","link":"https:\/\/www.ilmercoledi.news\/2023\/01\/10\/villastellone-la-giunta-sopprime-lincasso-dei-diritti-di-segreteria-per-certificati-anagrafici\/","title":{"rendered":"VILLASTELLONE &#8211; La giunta sopprime l&#8217;incasso dei diritti di segreteria per i certificati anagrafici"},"content":{"rendered":"<p>Vista l\u2019urgenza di procedere all\u2019attivazione di soluzioni informatiche, la Giunta Comunale di Villastellone ha deliberato la soppressione e la conseguente rinuncia all\u2019incasso, dei Diritti di Segreteria per il rilascio dei Certificati Anagrafici, in esenzione da Imposta di Bollo, prodotti in modalit\u00e0 nativa digitale e trasmessi per via telematica. La decisione vuole ampliare e facilitare la possibilit\u00e0 di richiesta di Certificati Anagrafici, estendendo la modalit\u00e0 gi\u00e0 utilizzabile per i Certificati di Stato Civile.<\/p>\n<p>Sar\u00e0 pertanto sufficiente che tutti coloro che hanno necessit\u00e0 di certificazione anagrafica o di conoscere la residenza e\/o la composizione dello stato di famiglia delle persone iscritte in ANPR\u00a0 facciano pervenire via e-mail agli indirizzi: info@comune.villastellone.to.it \u2013 comune.villastellone.to@legalmail.it una richiesta specificando: i dati identificativi del soggetto per cui sia richiesto il Certificato (luogo e data di nascita e\/o Codice Fiscale) ed il motivo per cui \u00e8 richiesta l\u2019esenzione da Imposta di Bollo.<\/p>\n<p>Alla domanda deve essere obbligatoriamente allegata la scansione o la foto del documento di identit\u00e0 del richiedente. Sar\u00e0 poi cura dell\u2019Ufficio Anagrafe provvedere al rilascio se sussistano i requisiti, senza costi aggiuntivi<\/p>\n<p>&nbsp;<\/p>\n","protected":false},"excerpt":{"rendered":"","protected":false},"author":11,"featured_media":16599,"comment_status":"open","ping_status":"closed","sticky":false,"template":"","format":"standard","meta":[],"categories":[34],"tags":[],"news-destination":[],"news-source":[],"is_homepage":[581],"ta_other":[],"_links":{"self":[{"href":"https:\/\/www.ilmercoledi.news\/ilmercoledi\/news\/wp-json\/wp\/v2\/posts\/51062"}],"collection":[{"href":"https:\/\/www.ilmercoledi.news\/ilmercoledi\/news\/wp-json\/wp\/v2\/posts"}],"about":[{"href":"https:\/\/www.ilmercoledi.news\/ilmercoledi\/news\/wp-json\/wp\/v2\/types\/post"}],"author":[{"embeddable":true,"href":"https:\/\/www.ilmercoledi.news\/ilmercoledi\/news\/wp-json\/wp\/v2\/users\/11"}],"replies":[{"embeddable":true,"href":"https:\/\/www.ilmercoledi.news\/ilmercoledi\/news\/wp-json\/wp\/v2\/comments?post=51062"}],"version-history":[{"count":1,"href":"https:\/\/www.ilmercoledi.news\/ilmercoledi\/news\/wp-json\/wp\/v2\/posts\/51062\/revisions"}],"predecessor-version":[{"id":67735,"href":"https:\/\/www.ilmercoledi.news\/ilmercoledi\/news\/wp-json\/wp\/v2\/posts\/51062\/revisions\/67735"}],"wp:featuredmedia":[{"embeddable":true,"href":"https:\/\/www.ilmercoledi.news\/ilmercoledi\/news\/wp-json\/wp\/v2\/media\/16599"}],"wp:attachment":[{"href":"https:\/\/www.ilmercoledi.news\/ilmercoledi\/news\/wp-json\/wp\/v2\/media?parent=51062"}],"wp:term":[{"taxonomy":"category","embeddable":true,"href":"https:\/\/www.ilmercoledi.news\/ilmercoledi\/news\/wp-json\/wp\/v2\/categories?post=51062"},{"taxonomy":"post_tag","embeddable":true,"href":"https:\/\/www.ilmercoledi.news\/ilmercoledi\/news\/wp-json\/wp\/v2\/tags?post=51062"},{"taxonomy":"news-destination","embeddable":true,"href":"https:\/\/www.ilmercoledi.news\/ilmercoledi\/news\/wp-json\/wp\/v2\/news-destination?post=51062"},{"taxonomy":"news-source","embeddable":true,"href":"https:\/\/www.ilmercoledi.news\/ilmercoledi\/news\/wp-json\/wp\/v2\/news-source?post=51062"},{"taxonomy":"is_homepage","embeddable":true,"href":"https:\/\/www.ilmercoledi.news\/ilmercoledi\/news\/wp-json\/wp\/v2\/is_homepage?post=51062"},{"taxonomy":"ta_other","embeddable":true,"href":"https:\/\/www.ilmercoledi.news\/ilmercoledi\/news\/wp-json\/wp\/v2\/ta_other?post=51062"}],"curies":[{"name":"wp","href":"https:\/\/api.w.org\/{rel}","templated":true}]}}