{"id":51140,"date":"2023-01-16T06:57:37","date_gmt":"2023-01-16T05:57:37","guid":{"rendered":"https:\/\/www-ilmercoledi-news-*.sitenm.com\/?p=51140"},"modified":"2024-08-29T06:59:47","modified_gmt":"2023-11-03T06:59:47","slug":"regione-al-lavoro-per-decongestionare-pronto-soccorso","status":"publish","type":"post","link":"https:\/\/www.ilmercoledi.news\/2023\/01\/16\/regione-al-lavoro-per-decongestionare-pronto-soccorso\/","title":{"rendered":"REGIONE &#8211; Al lavoro per decongestionare i pronto soccorso"},"content":{"rendered":"<p>Da gioved\u00ec 12 gennaio nella piattaforma creata nel periodo Covid per monitorare le strutture residenziali \u00e8 stata inserita\u00a0una nuova sezione\u00a0che consente a\u00a0Rsa e Cavs\u00a0(Centri di assistenza a valenza sanitaria) di\u00a0caricare quotidianamente i posti liberi\u00a0a disposizione del sistema sanitario e socio-sanitario per supportare le dimissioni ospedaliere e\u00a0aiutare a decongestionare i pronto soccorso. \u00c8 una delle azioni del\u00a0Piano straordinario della Regione Piemonte.<\/p>\n<p>Sono oltre 1.000 i posti liberi attualmente a sistema e circa met\u00e0 sono stati gi\u00e0 occupati da pazienti in post-acuzie dimessi dagli ospedali e presi in carico dalle strutture residenziali, permettendo cos\u00ec di lasciare posto ad altri pazienti in attesa di ricovero.<\/p>\n<p>Dalla prossima settimana ai posti letto di Rsa e Cavs si aggiungeranno anche quelli delle strutture di lungodegenza. Inoltre, al fine di facilitare le dimissioni nei fine settimana e agevolare le strutture riceventi, \u00e8 stata costituita una\u00a0task force medica dedicata, che faciliter\u00e0 la presa in carico dei pazienti presso le strutture residenziali\u00a0anche di sabato e domenica.<\/p>\n<p>Si tratta di un primo passo che a livello gestionale rappresenta\u00a0un cambiamento radicale, in quanto il monitoraggio centralizzato \u00e8 visibile in chiaro a tutti gli operatori del territorio. Non era mai stato realizzato e non \u00e8 evidentemente risolutivo, ma pu\u00f2 rappresentare un supporto molto importante soprattutto nell\u2019immediato.<\/p>\n<p>Azienda Zero e Dirmei hanno chiesto alle strutture residenziali di caricare giorno per giorno i posti che si rendono disponibili e agli operatori delle Asl di sfruttarli al massimo, per alleggerire il carico nei pronto soccorso.<\/p>\n","protected":false},"excerpt":{"rendered":"","protected":false},"author":11,"featured_media":34322,"comment_status":"open","ping_status":"closed","sticky":false,"template":"","format":"standard","meta":[],"categories":[34],"tags":[],"news-destination":[],"news-source":[],"is_homepage":[581],"ta_other":[],"_links":{"self":[{"href":"https:\/\/www.ilmercoledi.news\/ilmercoledi\/news\/wp-json\/wp\/v2\/posts\/51140"}],"collection":[{"href":"https:\/\/www.ilmercoledi.news\/ilmercoledi\/news\/wp-json\/wp\/v2\/posts"}],"about":[{"href":"https:\/\/www.ilmercoledi.news\/ilmercoledi\/news\/wp-json\/wp\/v2\/types\/post"}],"author":[{"embeddable":true,"href":"https:\/\/www.ilmercoledi.news\/ilmercoledi\/news\/wp-json\/wp\/v2\/users\/11"}],"replies":[{"embeddable":true,"href":"https:\/\/www.ilmercoledi.news\/ilmercoledi\/news\/wp-json\/wp\/v2\/comments?post=51140"}],"version-history":[{"count":1,"href":"https:\/\/www.ilmercoledi.news\/ilmercoledi\/news\/wp-json\/wp\/v2\/posts\/51140\/revisions"}],"predecessor-version":[{"id":67702,"href":"https:\/\/www.ilmercoledi.news\/ilmercoledi\/news\/wp-json\/wp\/v2\/posts\/51140\/revisions\/67702"}],"wp:featuredmedia":[{"embeddable":true,"href":"https:\/\/www.ilmercoledi.news\/ilmercoledi\/news\/wp-json\/wp\/v2\/media\/34322"}],"wp:attachment":[{"href":"https:\/\/www.ilmercoledi.news\/ilmercoledi\/news\/wp-json\/wp\/v2\/media?parent=51140"}],"wp:term":[{"taxonomy":"category","embeddable":true,"href":"https:\/\/www.ilmercoledi.news\/ilmercoledi\/news\/wp-json\/wp\/v2\/categories?post=51140"},{"taxonomy":"post_tag","embeddable":true,"href":"https:\/\/www.ilmercoledi.news\/ilmercoledi\/news\/wp-json\/wp\/v2\/tags?post=51140"},{"taxonomy":"news-destination","embeddable":true,"href":"https:\/\/www.ilmercoledi.news\/ilmercoledi\/news\/wp-json\/wp\/v2\/news-destination?post=51140"},{"taxonomy":"news-source","embeddable":true,"href":"https:\/\/www.ilmercoledi.news\/ilmercoledi\/news\/wp-json\/wp\/v2\/news-source?post=51140"},{"taxonomy":"is_homepage","embeddable":true,"href":"https:\/\/www.ilmercoledi.news\/ilmercoledi\/news\/wp-json\/wp\/v2\/is_homepage?post=51140"},{"taxonomy":"ta_other","embeddable":true,"href":"https:\/\/www.ilmercoledi.news\/ilmercoledi\/news\/wp-json\/wp\/v2\/ta_other?post=51140"}],"curies":[{"name":"wp","href":"https:\/\/api.w.org\/{rel}","templated":true}]}}