{"id":51169,"date":"2023-01-16T14:31:27","date_gmt":"2023-01-16T13:31:27","guid":{"rendered":"https:\/\/www-ilmercoledi-news-*.sitenm.com\/?p=51169"},"modified":"2024-08-29T06:59:46","modified_gmt":"2023-11-03T06:59:46","slug":"smog-domani-ritorna-il-livello-bianco-dellinquinamento","status":"publish","type":"post","link":"https:\/\/www.ilmercoledi.news\/2023\/01\/16\/smog-domani-ritorna-il-livello-bianco-dellinquinamento\/","title":{"rendered":"SMOG &#8211; Domani ritorna il livello bianco dell&#8217;inquinamento"},"content":{"rendered":"<p>Secondo i dati previsionali forniti oggi da Arpa Piemonte, da marted\u00ec 17 gennaio e fino a mercoled\u00ec 18 gennaio 2023 compreso (prossimo giorno di controllo), entrer\u00e0 in vigore il livello 0 (bianco) con le sole misure strutturali di limitazione del traffico previste del semaforo antismog. Si ricorda che eventuali variazioni del semaforo antismog, con le relative misure di limitazione del traffico, vengono comunicate il luned\u00ec, mercoled\u00ec e venerd\u00ec, giorni di controllo sui dati previsionali di PM10, ed entrano in vigore il giorno successivo.<\/p>\n","protected":false},"excerpt":{"rendered":"","protected":false},"author":11,"featured_media":45095,"comment_status":"open","ping_status":"closed","sticky":false,"template":"","format":"standard","meta":[],"categories":[34],"tags":[],"news-destination":[],"news-source":[],"is_homepage":[581],"ta_other":[],"_links":{"self":[{"href":"https:\/\/www.ilmercoledi.news\/ilmercoledi\/news\/wp-json\/wp\/v2\/posts\/51169"}],"collection":[{"href":"https:\/\/www.ilmercoledi.news\/ilmercoledi\/news\/wp-json\/wp\/v2\/posts"}],"about":[{"href":"https:\/\/www.ilmercoledi.news\/ilmercoledi\/news\/wp-json\/wp\/v2\/types\/post"}],"author":[{"embeddable":true,"href":"https:\/\/www.ilmercoledi.news\/ilmercoledi\/news\/wp-json\/wp\/v2\/users\/11"}],"replies":[{"embeddable":true,"href":"https:\/\/www.ilmercoledi.news\/ilmercoledi\/news\/wp-json\/wp\/v2\/comments?post=51169"}],"version-history":[{"count":1,"href":"https:\/\/www.ilmercoledi.news\/ilmercoledi\/news\/wp-json\/wp\/v2\/posts\/51169\/revisions"}],"predecessor-version":[{"id":67669,"href":"https:\/\/www.ilmercoledi.news\/ilmercoledi\/news\/wp-json\/wp\/v2\/posts\/51169\/revisions\/67669"}],"wp:featuredmedia":[{"embeddable":true,"href":"https:\/\/www.ilmercoledi.news\/ilmercoledi\/news\/wp-json\/wp\/v2\/media\/45095"}],"wp:attachment":[{"href":"https:\/\/www.ilmercoledi.news\/ilmercoledi\/news\/wp-json\/wp\/v2\/media?parent=51169"}],"wp:term":[{"taxonomy":"category","embeddable":true,"href":"https:\/\/www.ilmercoledi.news\/ilmercoledi\/news\/wp-json\/wp\/v2\/categories?post=51169"},{"taxonomy":"post_tag","embeddable":true,"href":"https:\/\/www.ilmercoledi.news\/ilmercoledi\/news\/wp-json\/wp\/v2\/tags?post=51169"},{"taxonomy":"news-destination","embeddable":true,"href":"https:\/\/www.ilmercoledi.news\/ilmercoledi\/news\/wp-json\/wp\/v2\/news-destination?post=51169"},{"taxonomy":"news-source","embeddable":true,"href":"https:\/\/www.ilmercoledi.news\/ilmercoledi\/news\/wp-json\/wp\/v2\/news-source?post=51169"},{"taxonomy":"is_homepage","embeddable":true,"href":"https:\/\/www.ilmercoledi.news\/ilmercoledi\/news\/wp-json\/wp\/v2\/is_homepage?post=51169"},{"taxonomy":"ta_other","embeddable":true,"href":"https:\/\/www.ilmercoledi.news\/ilmercoledi\/news\/wp-json\/wp\/v2\/ta_other?post=51169"}],"curies":[{"name":"wp","href":"https:\/\/api.w.org\/{rel}","templated":true}]}}