{"id":51271,"date":"2023-01-20T07:11:22","date_gmt":"2023-01-20T06:11:22","guid":{"rendered":"https:\/\/www-ilmercoledi-news-*.sitenm.com\/?p=51271"},"modified":"2024-08-29T06:59:36","modified_gmt":"2023-11-03T06:59:36","slug":"nichelino-giorgia-ruggiero-e-fabrizio-lionello-sono-priori-2023","status":"publish","type":"post","link":"https:\/\/www.ilmercoledi.news\/2023\/01\/20\/nichelino-giorgia-ruggiero-e-fabrizio-lionello-sono-priori-2023\/","title":{"rendered":"NICHELINO &#8211; Giorgia Ruggiero e Fabrizio Lionello sono i Priori 2023"},"content":{"rendered":"<p>L&#8217;assessore Giorgia Ruggiero e Fabrizio Lionello sono i Priori 2023 di Nichelino. La nomina ufficiale \u00e8 stata formalizzata pochi giorni fa, durante i giorni della festivit\u00e0 di Sant&#8217;Antonio, protettore degli animali e degli allevatori. &#8220;Portare avanti la nostra storia \u00e8 un onore impossibile da non accettare &#8211; spiega l&#8217;assessore -, il solco del passato e la strada del futuro passano anche per questi momenti, con l&#8217;impegno di coinvolgere e avvicinare sempre pi\u00f9 giovani, perch\u00e8 non si disperdano quelle che sono le nostre radici agricole&#8221;.<\/p>\n","protected":false},"excerpt":{"rendered":"","protected":false},"author":11,"featured_media":51270,"comment_status":"open","ping_status":"closed","sticky":false,"template":"","format":"standard","meta":[],"categories":[34],"tags":[],"news-destination":[],"news-source":[],"is_homepage":[581],"ta_other":[],"_links":{"self":[{"href":"https:\/\/www.ilmercoledi.news\/ilmercoledi\/news\/wp-json\/wp\/v2\/posts\/51271"}],"collection":[{"href":"https:\/\/www.ilmercoledi.news\/ilmercoledi\/news\/wp-json\/wp\/v2\/posts"}],"about":[{"href":"https:\/\/www.ilmercoledi.news\/ilmercoledi\/news\/wp-json\/wp\/v2\/types\/post"}],"author":[{"embeddable":true,"href":"https:\/\/www.ilmercoledi.news\/ilmercoledi\/news\/wp-json\/wp\/v2\/users\/11"}],"replies":[{"embeddable":true,"href":"https:\/\/www.ilmercoledi.news\/ilmercoledi\/news\/wp-json\/wp\/v2\/comments?post=51271"}],"version-history":[{"count":1,"href":"https:\/\/www.ilmercoledi.news\/ilmercoledi\/news\/wp-json\/wp\/v2\/posts\/51271\/revisions"}],"predecessor-version":[{"id":67620,"href":"https:\/\/www.ilmercoledi.news\/ilmercoledi\/news\/wp-json\/wp\/v2\/posts\/51271\/revisions\/67620"}],"wp:featuredmedia":[{"embeddable":true,"href":"https:\/\/www.ilmercoledi.news\/ilmercoledi\/news\/wp-json\/wp\/v2\/media\/51270"}],"wp:attachment":[{"href":"https:\/\/www.ilmercoledi.news\/ilmercoledi\/news\/wp-json\/wp\/v2\/media?parent=51271"}],"wp:term":[{"taxonomy":"category","embeddable":true,"href":"https:\/\/www.ilmercoledi.news\/ilmercoledi\/news\/wp-json\/wp\/v2\/categories?post=51271"},{"taxonomy":"post_tag","embeddable":true,"href":"https:\/\/www.ilmercoledi.news\/ilmercoledi\/news\/wp-json\/wp\/v2\/tags?post=51271"},{"taxonomy":"news-destination","embeddable":true,"href":"https:\/\/www.ilmercoledi.news\/ilmercoledi\/news\/wp-json\/wp\/v2\/news-destination?post=51271"},{"taxonomy":"news-source","embeddable":true,"href":"https:\/\/www.ilmercoledi.news\/ilmercoledi\/news\/wp-json\/wp\/v2\/news-source?post=51271"},{"taxonomy":"is_homepage","embeddable":true,"href":"https:\/\/www.ilmercoledi.news\/ilmercoledi\/news\/wp-json\/wp\/v2\/is_homepage?post=51271"},{"taxonomy":"ta_other","embeddable":true,"href":"https:\/\/www.ilmercoledi.news\/ilmercoledi\/news\/wp-json\/wp\/v2\/ta_other?post=51271"}],"curies":[{"name":"wp","href":"https:\/\/api.w.org\/{rel}","templated":true}]}}