{"id":51329,"date":"2023-01-24T14:42:32","date_gmt":"2023-01-24T13:42:32","guid":{"rendered":"https:\/\/www-ilmercoledi-news-*.sitenm.com\/?p=51329"},"modified":"2024-08-29T06:59:36","modified_gmt":"2023-11-03T06:59:36","slug":"sanita-il-nursind-tetti-di-spesa-insufficienti-riforma-territoriale-irrealizzabile-zero-risorse-regionali","status":"publish","type":"post","link":"https:\/\/www.ilmercoledi.news\/2023\/01\/24\/sanita-il-nursind-tetti-di-spesa-insufficienti-riforma-territoriale-irrealizzabile-zero-risorse-regionali\/","title":{"rendered":"SANITA&#8217; &#8211; Il Nursind: &#8216;Tetti di spesa insufficienti. Riforma territoriale irrealizzabile. Zero risorse Regionali&#8217;"},"content":{"rendered":"<p>In questi giorni le ASR stanno presentando il fabbisogno di personale legato ai tetti di spesa assegnati dalla Regione Piemonte. Un tema su cui il sindacato Nursind ha voluto diffondere una nota durissima: &#8220;Una goccia nel mare rispetto al reale fabbisogno per rispondere alla carenza di personale, responsabilmente impegnato e\u00a0fino ad ora disponibile a continui provvedimenti emergenziali che si sovrappongono ad altri interventi urgenti, mentre continuano ad accumularsi migliaia di ore di\u00a0straordinario e centinaia giornate di ferie non godute.<\/p>\n<p>Se la Regione Piemonte pensa si possa andare avanti in questo modo si rischia\u00a0seriamente di chiudere i servizi e se qualcuno, come gi\u00e0 ci \u00e8 toccato sentire, vuole addebitare le responsabilit\u00e0 agli operatori o ancora peggio al sindacato, sbaglia\u00a0di grosso. Non solo ad oggi le risorse assegnate non sono in grado di sopperire alle svariate carenze strutturali di personale negli ospedali che solo in parte sono colmate dall&#8217;improvvisazione ingegnosa nella ricerca di unit\u00e0 professionali che di certo non potr\u00e0 durare a lungo e\/o da progetti su progetti che si avvolgono su se stessi ma \u00e8\u00a0verosimile dichiarare che la riforma territoriale sar\u00e0 impossibile da realizzare.<\/p>\n<p>La Regione Piemonte ha infatti ha assegnato alle ASR i fondi previsti dal DL 34 2020\u00a0( personale da destinare al potenziamento delle terapie intensive e sub intensive al potenziamento dell&#8217;ADI e l&#8217;assunzione degli infermieri di famiglia ), finanziamenti\u00a0funzionali per la messa a regime del DM 77 ( riforma del territorio, case della salute,\u00a0ospedali di comunit\u00e0 ecc ) e per il raggiungimento degli obbiettivi strategici del\u00a0PNRR.<\/p>\n<p>Tali finanziamenti finalizzati ad assumere personale infermieristico e operatori sanitari sono da intendersi come extra tetti di spesa peccato che per\u00f2 non ci sono e non sono a disposizione delle aziende. Quindi ci chiediamo di cosa stiamo parlando.\u00a0Finanziamenti oggetto di richiesta gi\u00e0 di numerosi chiarimenti da parte nostra che\u00a0che compaiono sempre sulla carta e spariscono sempre nei fatti.\u00a0Se si pensa di pagare ore aggiuntive maggiormente come fatto con i medici senza\u00a0nuove risorse ma prendendoli dai tetti di spesa per l&#8217;assunzione di nuovo personale \u00e8\u00a0una pesante sconfitta&#8221;.<\/p>\n","protected":false},"excerpt":{"rendered":"","protected":false},"author":11,"featured_media":2028,"comment_status":"open","ping_status":"closed","sticky":false,"template":"","format":"standard","meta":[],"categories":[34],"tags":[],"news-destination":[],"news-source":[],"is_homepage":[581],"ta_other":[],"_links":{"self":[{"href":"https:\/\/www.ilmercoledi.news\/ilmercoledi\/news\/wp-json\/wp\/v2\/posts\/51329"}],"collection":[{"href":"https:\/\/www.ilmercoledi.news\/ilmercoledi\/news\/wp-json\/wp\/v2\/posts"}],"about":[{"href":"https:\/\/www.ilmercoledi.news\/ilmercoledi\/news\/wp-json\/wp\/v2\/types\/post"}],"author":[{"embeddable":true,"href":"https:\/\/www.ilmercoledi.news\/ilmercoledi\/news\/wp-json\/wp\/v2\/users\/11"}],"replies":[{"embeddable":true,"href":"https:\/\/www.ilmercoledi.news\/ilmercoledi\/news\/wp-json\/wp\/v2\/comments?post=51329"}],"version-history":[{"count":1,"href":"https:\/\/www.ilmercoledi.news\/ilmercoledi\/news\/wp-json\/wp\/v2\/posts\/51329\/revisions"}],"predecessor-version":[{"id":67654,"href":"https:\/\/www.ilmercoledi.news\/ilmercoledi\/news\/wp-json\/wp\/v2\/posts\/51329\/revisions\/67654"}],"wp:featuredmedia":[{"embeddable":true,"href":"https:\/\/www.ilmercoledi.news\/ilmercoledi\/news\/wp-json\/wp\/v2\/media\/2028"}],"wp:attachment":[{"href":"https:\/\/www.ilmercoledi.news\/ilmercoledi\/news\/wp-json\/wp\/v2\/media?parent=51329"}],"wp:term":[{"taxonomy":"category","embeddable":true,"href":"https:\/\/www.ilmercoledi.news\/ilmercoledi\/news\/wp-json\/wp\/v2\/categories?post=51329"},{"taxonomy":"post_tag","embeddable":true,"href":"https:\/\/www.ilmercoledi.news\/ilmercoledi\/news\/wp-json\/wp\/v2\/tags?post=51329"},{"taxonomy":"news-destination","embeddable":true,"href":"https:\/\/www.ilmercoledi.news\/ilmercoledi\/news\/wp-json\/wp\/v2\/news-destination?post=51329"},{"taxonomy":"news-source","embeddable":true,"href":"https:\/\/www.ilmercoledi.news\/ilmercoledi\/news\/wp-json\/wp\/v2\/news-source?post=51329"},{"taxonomy":"is_homepage","embeddable":true,"href":"https:\/\/www.ilmercoledi.news\/ilmercoledi\/news\/wp-json\/wp\/v2\/is_homepage?post=51329"},{"taxonomy":"ta_other","embeddable":true,"href":"https:\/\/www.ilmercoledi.news\/ilmercoledi\/news\/wp-json\/wp\/v2\/ta_other?post=51329"}],"curies":[{"name":"wp","href":"https:\/\/api.w.org\/{rel}","templated":true}]}}